{"id":10200,"date":"2024-06-27T11:59:59","date_gmt":"2024-06-27T09:59:59","guid":{"rendered":"https:\/\/alpenlaendische.at\/tirol\/?p=10200"},"modified":"2024-06-27T12:13:13","modified_gmt":"2024-06-27T10:13:13","slug":"tg-plaetze-in-pradl-zu-vermieten","status":"publish","type":"post","link":"https:\/\/alpenlaendische.at\/tirol\/tg-plaetze-in-pradl-zu-vermieten\/","title":{"rendered":"Tiefgaragen-Stellpl\u00e4tze in Pradl zu vermieten!"},"content":{"rendered":"\n<p><\/p>\n\n\n\n<p>Die monatliche Miete f\u00fcr einen Stellplatz in hervorragender Lage und mit guter \u00f6ffentlicher Anbindung betr\u00e4gt 90,00 \u20ac (inkl. Betriebskosten und USt.). In der Tiefgarage stehen zudem auch zwei E-Ladestationen der IKB zur Verf\u00fcgung. <\/p>\n\n\n\n<p><strong>Dank guter Anbindung auch f\u00fcr Pendler:innen attraktiv<\/strong><\/p>\n\n\n\n<p>Unmittelbar vor dem Geb\u00e4ude befindet sich eine Bushaltestelle, die von den Linien C und F bedient wird, wodurch das Stadtzentrum innerhalb weniger Minuten erreicht werden kann. Auch eine Weiterfahrt mit dem Fahrrad bietet sich an (ca. 10 Minuten bis in die Innsbrucker Innenstadt). Die Autobahnabfahrt Innsbruck Ost ist ca. 5 Fahrminuten entfernt.<\/p>\n\n\n\n<p><strong>Sie haben Interesse an einem Stellplatz oder ben\u00f6tigen weitere Informationen?<\/strong><\/p>\n\n\n<div class=\"wp-block-image\">\n<figure class=\"alignleft size-large is-resized\"><img loading=\"lazy\" decoding=\"async\" width=\"1024\" height=\"1024\" src=\"https:\/\/alpenlaendische.at\/tirol\/wp-content\/uploads\/sites\/2\/Icon-freie-Einheiten-Parkplaetze-Kreis-1024x1024.png\" alt=\"\" class=\"wp-image-10208\" style=\"width:108px;height:auto\" srcset=\"https:\/\/alpenlaendische.at\/tirol\/wp-content\/uploads\/sites\/2\/Icon-freie-Einheiten-Parkplaetze-Kreis-1024x1024.png 1024w, https:\/\/alpenlaendische.at\/tirol\/wp-content\/uploads\/sites\/2\/Icon-freie-Einheiten-Parkplaetze-Kreis-300x300.png 300w, https:\/\/alpenlaendische.at\/tirol\/wp-content\/uploads\/sites\/2\/Icon-freie-Einheiten-Parkplaetze-Kreis-150x150.png 150w, https:\/\/alpenlaendische.at\/tirol\/wp-content\/uploads\/sites\/2\/Icon-freie-Einheiten-Parkplaetze-Kreis-768x768.png 768w, https:\/\/alpenlaendische.at\/tirol\/wp-content\/uploads\/sites\/2\/Icon-freie-Einheiten-Parkplaetze-Kreis.png 1200w\" sizes=\"auto, (max-width: 1024px) 100vw, 1024px\" \/><\/figure>\n<\/div>\n\n\n<p><a href=\"https:\/\/alpenlaendische.at\/tirol\/hausverwaltung\/service\/?anliegen=parkplatz&amp;parkplatz-ort=Gumppstrasse%2071,%20Innsbruck\" data-type=\"link\" data-id=\"https:\/\/alpenlaendische.at\/tirol\/hausverwaltung\/service\/?anliegen=parkplatz&amp;parkplatz-ort=Gumppstrasse%2071,%20Innsbruck\" target=\"_blank\" rel=\"noreferrer noopener\">Hier<\/a> gelangen Sie direkt zum Kontakt-Formular f\u00fcr Ihre Anfrage. Bitte f\u00fcllen Sie alle notwendigen Felder aus und unsere Mitarbeiter:innen werden sich gerne bei Ihnen melden. &gt;&gt; <a href=\"https:\/\/alpenlaendische.at\/tirol\/hausverwaltung\/service\/?anliegen=parkplatz&amp;parkplatz-ort=Gumppstrasse%2071,%20Innsbruck\" target=\"_blank\" rel=\"noreferrer noopener\">zum Formular<\/a><\/p>\n","protected":false},"excerpt":{"rendered":"<p>In der Gumppstra\u00dfe 71 in Innsbruck sind ab sofort freie Abstellpl\u00e4tze in der Tiefgarage des Integrationshauses verf\u00fcgbar.<\/p>\n","protected":false},"author":8,"featured_media":10216,"comment_status":"closed","ping_status":"closed","sticky":false,"template":"","format":"standard","meta":{"_acf_changed":false,"footnotes":""},"categories":[1],"tags":[],"class_list":["post-10200","post","type-post","status-publish","format-standard","has-post-thumbnail","hentry","category-allgemein","projektereignis-freier-stellplatz"],"acf":[],"_links":{"self":[{"href":"https:\/\/alpenlaendische.at\/tirol\/wp-json\/wp\/v2\/posts\/10200","targetHints":{"allow":["GET"]}}],"collection":[{"href":"https:\/\/alpenlaendische.at\/tirol\/wp-json\/wp\/v2\/posts"}],"about":[{"href":"https:\/\/alpenlaendische.at\/tirol\/wp-json\/wp\/v2\/types\/post"}],"author":[{"embeddable":true,"href":"https:\/\/alpenlaendische.at\/tirol\/wp-json\/wp\/v2\/users\/8"}],"replies":[{"embeddable":true,"href":"https:\/\/alpenlaendische.at\/tirol\/wp-json\/wp\/v2\/comments?post=10200"}],"version-history":[{"count":4,"href":"https:\/\/alpenlaendische.at\/tirol\/wp-json\/wp\/v2\/posts\/10200\/revisions"}],"predecessor-version":[{"id":10238,"href":"https:\/\/alpenlaendische.at\/tirol\/wp-json\/wp\/v2\/posts\/10200\/revisions\/10238"}],"wp:featuredmedia":[{"embeddable":true,"href":"https:\/\/alpenlaendische.at\/tirol\/wp-json\/wp\/v2\/media\/10216"}],"wp:attachment":[{"href":"https:\/\/alpenlaendische.at\/tirol\/wp-json\/wp\/v2\/media?parent=10200"}],"wp:term":[{"taxonomy":"category","embeddable":true,"href":"https:\/\/alpenlaendische.at\/tirol\/wp-json\/wp\/v2\/categories?post=10200"},{"taxonomy":"post_tag","embeddable":true,"href":"https:\/\/alpenlaendische.at\/tirol\/wp-json\/wp\/v2\/tags?post=10200"}],"curies":[{"name":"wp","href":"https:\/\/api.w.org\/{rel}","templated":true}]}}