{"id":11224,"date":"2025-03-18T10:04:06","date_gmt":"2025-03-18T09:04:06","guid":{"rendered":"https:\/\/alpenlaendische.at\/tirol\/?p=11224"},"modified":"2025-03-18T10:04:07","modified_gmt":"2025-03-18T09:04:07","slug":"spatenstich-fuer-eine-wohnanlage-im-zentrum-von-sautens","status":"publish","type":"post","link":"https:\/\/alpenlaendische.at\/tirol\/spatenstich-fuer-eine-wohnanlage-im-zentrum-von-sautens\/","title":{"rendered":"Spatenstich f\u00fcr eine Wohnanlage im Zentrum von Sautens"},"content":{"rendered":"\n<p>Es entstehen 3 freundlich und funktional gestaltete Vier-Zimmer-Wohnungen, 15 Drei-Zimmer-Wohnungen und 5 Zwei-Zimmer-Wohnungen in zwei Bauk\u00f6rpern, die sich mit ihren Satteld\u00e4chern gut ins Ortsbild einf\u00fcgen. Das Projekt wurde als Eigenplanung der Alpenl\u00e4ndischen von DI Franz St\u00f6berl geplant.<\/p>\n\n\n\n<p>Alle Wohnungen verf\u00fcgen \u00fcber sch\u00f6ne Balkone oder Terrassen, ein Kellerabteil und einen Tiefgaragenplatz. Auch Fahrradabstellpl\u00e4tze und ein Kinderspielplatz sind f\u00fcr die zuk\u00fcnftigen Mieter:innen vorgesehen.\u00a0<\/p>\n\n\n\n<p>Die effiziente Haustechnik erfolgt \u00fcber Luft-W\u00e4rmepumpenanlage samt Komfortl\u00fcftung, sowie eine Photovoltaikanlage, wobei die W\u00e4rme \u00fcber eine Fu\u00dfbodenheizung verteilt wird. Der Heizw\u00e4rmebedarf der Geb\u00e4ude wird bei 29 kWh\/m\u00b2a liegen.&nbsp;<\/p>\n\n\n<div class=\"wp-block-image is-style-rounded\">\n<figure class=\"alignright size-large is-resized\"><img loading=\"lazy\" decoding=\"async\" width=\"1024\" height=\"666\" src=\"https:\/\/alpenlaendische.at\/tirol\/wp-content\/uploads\/sites\/2\/T456-Sautens-Spatenstich-druck-web-13-1024x666.jpg\" alt=\"\" class=\"wp-image-11237\" style=\"object-fit:cover;width:178px;height:178px\" srcset=\"https:\/\/alpenlaendische.at\/tirol\/wp-content\/uploads\/sites\/2\/T456-Sautens-Spatenstich-druck-web-13-1024x666.jpg 1024w, https:\/\/alpenlaendische.at\/tirol\/wp-content\/uploads\/sites\/2\/T456-Sautens-Spatenstich-druck-web-13-300x195.jpg 300w, https:\/\/alpenlaendische.at\/tirol\/wp-content\/uploads\/sites\/2\/T456-Sautens-Spatenstich-druck-web-13-768x499.jpg 768w, https:\/\/alpenlaendische.at\/tirol\/wp-content\/uploads\/sites\/2\/T456-Sautens-Spatenstich-druck-web-13-1536x998.jpg 1536w, https:\/\/alpenlaendische.at\/tirol\/wp-content\/uploads\/sites\/2\/T456-Sautens-Spatenstich-druck-web-13.jpg 2000w\" sizes=\"auto, (max-width: 1024px) 100vw, 1024px\" \/><figcaption class=\"wp-element-caption\"><strong>Bernhard Gritsch <\/strong><br>B\u00fcrgermeister<\/figcaption><\/figure>\n<\/div>\n\n\n<p>\u201e<em>Mit den 23 neuen, top-wohnbaugef\u00f6rderten Mietwohnungen k\u00f6nnen wir als Gemeinde leistbaren und qualitativ hochwertigen Wohnraum zur Verf\u00fcgung stellen. Mit diesem neuen Wohnprojekt soll sowohl auf die Bed\u00fcrfnisse der \u00e4lteren als auch der jungen Gemeindeb\u00fcrgerinnen und Gemeindeb\u00fcrger eingegangen werden, um die Wohnungen allen Altersschichten zur Verf\u00fcgung stellen zu k\u00f6nnen<\/em>\u201c, freut sich B\u00fcrgermeister Bernhard Gritsch anl\u00e4sslich des Spatenstichs.<\/p>\n\n\n\n<p><\/p>\n","protected":false},"excerpt":{"rendered":"<p>Am Montag, den 10. M\u00e4rz 2025, konnte der feierliche Spatenstich f\u00fcr eine neue, zentral gelegene Wohnanlage in zwei Bauk\u00f6rpern mit 23 Mietwohnungen, 31 Tiefgaragenpl\u00e4tzen und 6 Besucherparkpl\u00e4tzen in Sautens \u00fcber die B\u00fchne gehen. Das Geb\u00e4ude wird in Massivbauweise mit Satteldach ausgef\u00fchrt. Die Fertigstellung des Projektes ist f\u00fcr September 2026 geplant.<\/p>\n","protected":false},"author":8,"featured_media":11225,"comment_status":"closed","ping_status":"closed","sticky":false,"template":"","format":"standard","meta":{"_acf_changed":false,"footnotes":""},"categories":[1],"tags":[],"class_list":["post-11224","post","type-post","status-publish","format-standard","has-post-thumbnail","hentry","category-allgemein","projektereignis-spatenstich"],"acf":[],"_links":{"self":[{"href":"https:\/\/alpenlaendische.at\/tirol\/wp-json\/wp\/v2\/posts\/11224","targetHints":{"allow":["GET"]}}],"collection":[{"href":"https:\/\/alpenlaendische.at\/tirol\/wp-json\/wp\/v2\/posts"}],"about":[{"href":"https:\/\/alpenlaendische.at\/tirol\/wp-json\/wp\/v2\/types\/post"}],"author":[{"embeddable":true,"href":"https:\/\/alpenlaendische.at\/tirol\/wp-json\/wp\/v2\/users\/8"}],"replies":[{"embeddable":true,"href":"https:\/\/alpenlaendische.at\/tirol\/wp-json\/wp\/v2\/comments?post=11224"}],"version-history":[{"count":4,"href":"https:\/\/alpenlaendische.at\/tirol\/wp-json\/wp\/v2\/posts\/11224\/revisions"}],"predecessor-version":[{"id":11246,"href":"https:\/\/alpenlaendische.at\/tirol\/wp-json\/wp\/v2\/posts\/11224\/revisions\/11246"}],"wp:featuredmedia":[{"embeddable":true,"href":"https:\/\/alpenlaendische.at\/tirol\/wp-json\/wp\/v2\/media\/11225"}],"wp:attachment":[{"href":"https:\/\/alpenlaendische.at\/tirol\/wp-json\/wp\/v2\/media?parent=11224"}],"wp:term":[{"taxonomy":"category","embeddable":true,"href":"https:\/\/alpenlaendische.at\/tirol\/wp-json\/wp\/v2\/categories?post=11224"},{"taxonomy":"post_tag","embeddable":true,"href":"https:\/\/alpenlaendische.at\/tirol\/wp-json\/wp\/v2\/tags?post=11224"}],"curies":[{"name":"wp","href":"https:\/\/api.w.org\/{rel}","templated":true}]}}