{"id":11560,"date":"2026-03-30T12:32:03","date_gmt":"2026-03-30T10:32:03","guid":{"rendered":"https:\/\/alpenlaendische.at\/tirol\/?p=11560"},"modified":"2026-04-14T12:01:19","modified_gmt":"2026-04-14T10:01:19","slug":"hausverwalterin-gesucht-verstaerke-unser-team","status":"publish","type":"post","link":"https:\/\/alpenlaendische.at\/tirol\/hausverwalterin-gesucht-verstaerke-unser-team\/","title":{"rendered":"Hausverwalter:in gesucht \u2013 Verst\u00e4rke unser Team"},"content":{"rendered":"\n<p>Zur&nbsp;<strong>detaillierten Stellenausschreibung<\/strong>: <a href=\"https:\/\/alpenlaendische.at\/tirol\/karriere\/\" data-type=\"link\" data-id=\"https:\/\/alpenlaendische.at\/tirol\/karriere\/\">alpenlaendische.at\/tirol\/karriere<\/a><\/p>\n\n\n\n<p><\/p>\n\n\n\n<h4 class=\"wp-block-heading\">Ihr Profil<\/h4>\n\n\n\n<ul class=\"wp-block-list\">\n<li>Einschl\u00e4gige Berufserfahrung<\/li>\n\n\n\n<li>Immobilienverwalter Ausbildung mit rechtlichen Grundkenntnissen WEG, MRG und WGG von Vorteil<\/li>\n\n\n\n<li>Sicheres Auftreten, Kommunikations- und Koordinationsf\u00e4higkeiten<\/li>\n\n\n\n<li>Ergebnisorientierte und strukturierte Arbeitsweise<\/li>\n<\/ul>\n\n\n\n<h4 class=\"wp-block-heading\"><strong>Ihre Aufgaben<\/strong><\/h4>\n\n\n\n<ul class=\"wp-block-list\">\n<li>Technisches &amp; kaufm\u00e4nnisches Immobilienmanagement<\/li>\n\n\n\n<li>Hauptansprechperson f\u00fcr Bewohner:innen<\/li>\n\n\n\n<li>Abhaltung von Eigent\u00fcmerversammlungen<\/li>\n\n\n\n<li>Objektsicherheits\u00fcberpr\u00fcfungen der Wohngeb\u00e4ude (\u00d6NORM B 1300)<\/li>\n\n\n\n<li>Mietverwaltung inkl. Besichtigungen, \u00dcbergaben und Wohnungswechsel<\/li>\n<\/ul>\n\n\n\n<h4 class=\"wp-block-heading\"><strong>Unser Angebot<\/strong><\/h4>\n\n\n\n<ul class=\"wp-block-list\">\n<li>Ein sicheres und soziales Arbeitsumfeld in einem famili\u00e4ren und dynamischen Team.<\/li>\n\n\n\n<li>27 Urlaubstage, Karfreitag sowie der 24. und 31. Dezember ganzt\u00e4gig frei.<\/li>\n\n\n\n<li>Attraktive Sozialleistungen, wie z.B. Spezialkonditionen Gruppenkrankenversicherung, betriebliche Pensionsvorsorge.<\/li>\n\n\n\n<li>Jahresbruttogehalt laut Kollektivvertrag. \u00dcberzahlung je nach Qualifikation m\u00f6glich.<\/li>\n<\/ul>\n\n\n\n<p>Wir freuen uns \u00fcber Ihre Bewerbungsunterlagen per E-Mail an:<br><strong>Hans Dinkhauser \u2013&nbsp;<a>hans.dinkhauser@alpenlaendische.at<\/a><\/strong><\/p>\n\n\n\n<p><\/p>\n","protected":false},"excerpt":{"rendered":"<p>Die Alpenl\u00e4ndische sucht eine:n engagierte:n Hausverwalter:in zur Betreuung unseres Immobilienbestandes in Tirol. Sie \u00fcbernehmen kaufm\u00e4nnische und technische Verwaltungsaufgaben, sind zentrale:r Ansprechpartner:in f\u00fcr Mieter:innen und Eigent\u00fcmer:innen und tragen aktiv zur Qualit\u00e4t und Sicherheit unserer Wohnanlagen bei.<\/p>\n","protected":false},"author":8,"featured_media":11562,"comment_status":"closed","ping_status":"closed","sticky":false,"template":"","format":"standard","meta":{"_acf_changed":false,"footnotes":""},"categories":[1],"tags":[],"class_list":["post-11560","post","type-post","status-publish","format-standard","has-post-thumbnail","hentry","category-allgemein"],"acf":[],"_links":{"self":[{"href":"https:\/\/alpenlaendische.at\/tirol\/wp-json\/wp\/v2\/posts\/11560","targetHints":{"allow":["GET"]}}],"collection":[{"href":"https:\/\/alpenlaendische.at\/tirol\/wp-json\/wp\/v2\/posts"}],"about":[{"href":"https:\/\/alpenlaendische.at\/tirol\/wp-json\/wp\/v2\/types\/post"}],"author":[{"embeddable":true,"href":"https:\/\/alpenlaendische.at\/tirol\/wp-json\/wp\/v2\/users\/8"}],"replies":[{"embeddable":true,"href":"https:\/\/alpenlaendische.at\/tirol\/wp-json\/wp\/v2\/comments?post=11560"}],"version-history":[{"count":4,"href":"https:\/\/alpenlaendische.at\/tirol\/wp-json\/wp\/v2\/posts\/11560\/revisions"}],"predecessor-version":[{"id":12860,"href":"https:\/\/alpenlaendische.at\/tirol\/wp-json\/wp\/v2\/posts\/11560\/revisions\/12860"}],"wp:featuredmedia":[{"embeddable":true,"href":"https:\/\/alpenlaendische.at\/tirol\/wp-json\/wp\/v2\/media\/11562"}],"wp:attachment":[{"href":"https:\/\/alpenlaendische.at\/tirol\/wp-json\/wp\/v2\/media?parent=11560"}],"wp:term":[{"taxonomy":"category","embeddable":true,"href":"https:\/\/alpenlaendische.at\/tirol\/wp-json\/wp\/v2\/categories?post=11560"},{"taxonomy":"post_tag","embeddable":true,"href":"https:\/\/alpenlaendische.at\/tirol\/wp-json\/wp\/v2\/tags?post=11560"}],"curies":[{"name":"wp","href":"https:\/\/api.w.org\/{rel}","templated":true}]}}