{"id":12970,"date":"2026-04-16T10:18:14","date_gmt":"2026-04-16T08:18:14","guid":{"rendered":"https:\/\/alpenlaendische.at\/tirol\/?p=12970"},"modified":"2026-04-23T11:03:56","modified_gmt":"2026-04-23T09:03:56","slug":"traumhaftes-wetter-bei-der-firstfeier-in-prutz","status":"publish","type":"post","link":"https:\/\/alpenlaendische.at\/tirol\/traumhaftes-wetter-bei-der-firstfeier-in-prutz\/","title":{"rendered":"Traumhaftes Wetter bei der Firstfeier in Prutz"},"content":{"rendered":"\n<p>Das Bauprojekt in zentraler Lage schreitet planm\u00e4\u00dfig voran und markiert mit der Firstgleiche einen wichtigen Meilenstein auf dem Weg zur Fertigstellung.<\/p>\n\n\n\n<p>Die moderne Wohnanlage schafft leistbaren Wohnraum in der Gemeinde Prutz und st\u00f6\u00dft bereits jetzt auf gro\u00dfes Interesse: Fast zwei Drittel der Wohnungen konnten bereits vergeben werden. Die Alpenl\u00e4ndische setzt damit erneut ein starkes Zeichen f\u00fcr leistbaren und qualitativ hochwertigen Wohnraum in der Gemeinde Prutz, aber auch f\u00fcr das gesamte Obere Gericht.<\/p>\n\n\n\n<p>Auf einem leicht geneigten Hanggrundst\u00fcck entstehen 6 Zweizimmerwohnungen, 16 Dreizimmerwohnungen und 4 Vierzimmerwohnungen in Massivbauweise und Passivhausqualit\u00e4t. Alle Einheiten besitzen sch\u00f6ne Balkone bzw. Terrassen, ein Kellerabteil und einen Tiefgaragenplatz. Auch Fahrradabstellpl\u00e4tze, ein Kinderspielplatz und allgemeine Gr\u00fcnfl\u00e4chen werden den zuk\u00fcnftigen Bewohnern zur Verf\u00fcgung stehen. Es handelt sich bei dem Projekt um eine Eigenplanung der Alpenl\u00e4ndischen, wobei die vier Geb\u00e4ude so ins Gel\u00e4nde gesetzt werden, dass sie ideal erschlossen werden k\u00f6nnen und jede Wohneinheit mit viel Tageslicht und Aussicht bedacht wird.<\/p>\n\n\n\n<p>Zus\u00e4tzlich wird eine Ausgleichsfl\u00e4che mit 400 Str\u00e4uchern und B\u00e4umen als Habitat f\u00fcr eine beheimatete Eidechsenart geschaffen.<\/p>\n\n\n\n<p>Die effiziente Haustechnik sieht eine Luftw\u00e4rmepumpe mit Komfortl\u00fcftung sowie eine Photovoltaikanlage vor, wobei die W\u00e4rme \u00fcber die Fu\u00dfbodenheizung verteilt wird. Die Warmwasserbereitung erfolgt dezentral in jeder Wohnung mittels optimierter W\u00e4rmepumpe mit integriertem Warmwasserspeicher, wobei dem Heizungsr\u00fccklauf die Restw\u00e4rme entzogen und diese als W\u00e4rmequelle f\u00fcr die Warmwasserbereitung gen\u00fctzt wird. Der Heizw\u00e4rmebedarf des energieeffizienten Geb\u00e4udes im Passivhausstandard liegt bei 30 kWh\/bzw. 31 kWh\/m\u00b2a.<\/p>\n\n\n\n<p>Im Rahmen der Feier nutzten die Projektbeteiligten die Gelegenheit, um den bisherigen Baufortschritt zu w\u00fcrdigen und allen Mitwirkenden zu danken:<\/p>\n\n\n\n<p><\/p>\n\n\n<div class=\"wp-block-image is-style-rounded\">\n<figure class=\"alignright size-full is-resized\"><img loading=\"lazy\" decoding=\"async\" width=\"178\" height=\"178\" src=\"https:\/\/alpenlaendische.at\/tirol\/wp-content\/uploads\/sites\/2\/BGM-1.jpg\" alt=\"\" class=\"wp-image-12969\" style=\"object-fit:cover;width:178px;height:178px\" srcset=\"https:\/\/alpenlaendische.at\/tirol\/wp-content\/uploads\/sites\/2\/BGM-1.jpg 178w, https:\/\/alpenlaendische.at\/tirol\/wp-content\/uploads\/sites\/2\/BGM-1-150x150.jpg 150w\" sizes=\"auto, (max-width: 178px) 100vw, 178px\" \/><figcaption class=\"wp-element-caption\"><strong>Ing. Heinz Kofler<\/strong><br>B\u00fcrgermeister<\/figcaption><\/figure>\n<\/div>\n\n\n<p><em>\u201eEs ist beeindruckend zu sehen, wie z\u00fcgig das Bauvorhaben voranschreitet. Mein Dank gilt der Alpenl\u00e4ndischen, den Planern sowie den ausf\u00fchrenden Firmen und Handwerkern f\u00fcr die ausgezeichnete Arbeit. Rund zwei Drittel der Wohnungen konnten wir bis dato bereits vergeben und der Zuspruch f\u00fcr leistbaren Wohnraum in der Gemeinde ist sehr gro\u00df. Ich freue mich schon auf die feierliche Schl\u00fcssel\u00fcbergabe an die Bewohnerinnen und Bewohner im Herbst dieses Jahres\u201c, freut sich B\u00fcrgermeister Ing. Heinz Kofler.<\/em><\/p>\n\n\n<div class=\"wp-block-image is-style-rounded\">\n<figure class=\"alignleft size-full is-resized\"><img loading=\"lazy\" decoding=\"async\" width=\"178\" height=\"178\" src=\"https:\/\/alpenlaendische.at\/tirol\/wp-content\/uploads\/sites\/2\/GF-1.jpg\" alt=\"\" class=\"wp-image-12968\" style=\"object-fit:cover;width:178px;height:178px\" srcset=\"https:\/\/alpenlaendische.at\/tirol\/wp-content\/uploads\/sites\/2\/GF-1.jpg 178w, https:\/\/alpenlaendische.at\/tirol\/wp-content\/uploads\/sites\/2\/GF-1-150x150.jpg 150w\" sizes=\"auto, (max-width: 178px) 100vw, 178px\" \/><figcaption class=\"wp-element-caption\"><strong>Ing. Alexander Zlotek<\/strong><br>Gesch\u00e4ftsf\u00fchrer<\/figcaption><\/figure>\n<\/div>\n\n\n<p><em>\u201eMein besonderer Dank gilt allen ausf\u00fchrenden Handwerkern sowie der Gemeinde Prutz f\u00fcr die ausgezeichnete partnerschaftliche Zusammenarbeit. Solche Projekte sind nur durch ein starkes Miteinander aller Beteiligten m\u00f6glich. Ebenso m\u00f6chte ich unseren Mitarbeitenden danken, die mit ihrem gro\u00dfen Engagement ma\u00dfgeblich zum reibungslosen Ablauf und zur hohen Qualit\u00e4t dieses Vorhabens beitragen\u201c, betont Gesch\u00e4ftsf\u00fchrer Ing. Alexander Zlotek.<\/em><\/p>\n\n\n\n<p><\/p>\n","protected":false},"excerpt":{"rendered":"<p>Bei herrlichem Sonnenschein konnten alle Beteiligten am Donnerstag, den 16. April 2026, die Firstfeier f\u00fcr eine neue Wohnanlage, bestehend aus vier Bauk\u00f6rpern mit insgesamt 26 Mietwohnungen, 31 Tiefgaragenpl\u00e4tzen und 11 Besucherparkpl\u00e4tzen nahe dem Ortskern von Prutz, genie\u00dfen. Die Fertigstellung des Projektes ist f\u00fcr November 2026 geplant.<\/p>\n","protected":false},"author":8,"featured_media":12967,"comment_status":"closed","ping_status":"closed","sticky":false,"template":"","format":"standard","meta":{"_acf_changed":false,"footnotes":""},"categories":[1],"tags":[],"class_list":["post-12970","post","type-post","status-publish","format-standard","has-post-thumbnail","hentry","category-allgemein","projektereignis-firstfeier"],"acf":[],"_links":{"self":[{"href":"https:\/\/alpenlaendische.at\/tirol\/wp-json\/wp\/v2\/posts\/12970","targetHints":{"allow":["GET"]}}],"collection":[{"href":"https:\/\/alpenlaendische.at\/tirol\/wp-json\/wp\/v2\/posts"}],"about":[{"href":"https:\/\/alpenlaendische.at\/tirol\/wp-json\/wp\/v2\/types\/post"}],"author":[{"embeddable":true,"href":"https:\/\/alpenlaendische.at\/tirol\/wp-json\/wp\/v2\/users\/8"}],"replies":[{"embeddable":true,"href":"https:\/\/alpenlaendische.at\/tirol\/wp-json\/wp\/v2\/comments?post=12970"}],"version-history":[{"count":1,"href":"https:\/\/alpenlaendische.at\/tirol\/wp-json\/wp\/v2\/posts\/12970\/revisions"}],"predecessor-version":[{"id":12971,"href":"https:\/\/alpenlaendische.at\/tirol\/wp-json\/wp\/v2\/posts\/12970\/revisions\/12971"}],"wp:featuredmedia":[{"embeddable":true,"href":"https:\/\/alpenlaendische.at\/tirol\/wp-json\/wp\/v2\/media\/12967"}],"wp:attachment":[{"href":"https:\/\/alpenlaendische.at\/tirol\/wp-json\/wp\/v2\/media?parent=12970"}],"wp:term":[{"taxonomy":"category","embeddable":true,"href":"https:\/\/alpenlaendische.at\/tirol\/wp-json\/wp\/v2\/categories?post=12970"},{"taxonomy":"post_tag","embeddable":true,"href":"https:\/\/alpenlaendische.at\/tirol\/wp-json\/wp\/v2\/tags?post=12970"}],"curies":[{"name":"wp","href":"https:\/\/api.w.org\/{rel}","templated":true}]}}