{"id":6521,"date":"2021-11-05T09:50:00","date_gmt":"2021-11-05T08:50:00","guid":{"rendered":"https:\/\/alpenlaendische.at\/tirol\/?p=6521"},"modified":"2022-12-18T19:53:07","modified_gmt":"2022-12-18T18:53:07","slug":"holzbauweise-macht-rekordbauzeit-moeglich","status":"publish","type":"post","link":"https:\/\/alpenlaendische.at\/tirol\/holzbauweise-macht-rekordbauzeit-moeglich\/","title":{"rendered":"Holzbauweise macht Rekordbauzeit m\u00f6glich"},"content":{"rendered":"\n<p><strong>Holzbauweise macht\u2019s m\u00f6glich: Montage f\u00fcr Wohnbauprojekt der Alpenl\u00e4ndischen in Matrei innerhalb von 7 Tagen erfolgt<\/strong><\/p>\n\n\n\n<p>Durch die Holzbauweise kann trotz standortbedingter schwieriger Rahmenbedingungen eine vergleichsweise kurze Bauzeit erreicht werden. Beeindruckend ist, dass die Montage innerhalb nur einer Woche erfolgt ist. Es entstehen sechs 3-Zimmer- und drei 2-Zimmer-Wohnungen, sowie 9 \u00fcberdachte Abstellpl\u00e4tze und ein Besucherparkplatz. Alle der gef\u00f6rderten und somit leistbaren Wohnungen k\u00f6nnen dank Aufzug barrierefrei erreicht werden.<\/p>\n\n\n\n<p>Die zuk\u00fcnftigen Bewohnerinnen und Bewohner d\u00fcrfen sich auf klimaaktive Wohnungen mit niedrigen Energieausgaben und besonders hoher Wohnqualit\u00e4t dank Komfortl\u00fcftungsanlage und Lufw\u00e4rmepumpe freuen. Bereits im Rohnbau ist das beeindruckend gute Wohngef\u00fchl sp\u00fcrbar und es l\u00e4sst sich bereits erahnen, in welcher hohen Qualit\u00e4t die fertigen Wohnungen im Fr\u00fchjahr n\u00e4chsten Jahres \u00fcbergeben werden k\u00f6nnen.<\/p>\n\n\n\n<p>GF Lechleitner bedankt sich bei den Anwesenden und allen beteiligten regionalen Projektpartnern. \u201eBei diesem Vorhaben zeigt sich wieder einmal deutlich, wie wichtig der Spielraum f\u00fcr den gemeinn\u00fctzigen Wohnbau ist, der durch die Tiroler Wohnbauf\u00f6rderung erm\u00f6glicht wird. Dadurch kann wichtiger Wohnraum f\u00fcr Gemeinden an Standorten geschaffen werden, wo ansonsten keine so gelungene Fl\u00e4chennutzung erfolgen k\u00f6nnte.\u201c<\/p>\n","protected":false},"excerpt":{"rendered":"<p>Die Alpenl\u00e4ndische errichtet in Matrei am Brenner ein Mehrparteienhaus in Holzst\u00e4nderbauweise und Passivhausqualit\u00e4t laut Tiroler Wohnbauf\u00f6rderung. Die 9 Wohnungen auf 3 Ebenen in Hanglage sollen im Mai 2022 fertiggestellt werden, die Firstfeier fand erfolgreich statt.<\/p>\n","protected":false},"author":4,"featured_media":6082,"comment_status":"closed","ping_status":"open","sticky":false,"template":"","format":"standard","meta":{"_acf_changed":false,"footnotes":""},"categories":[1],"tags":[],"class_list":["post-6521","post","type-post","status-publish","format-standard","has-post-thumbnail","hentry","category-allgemein","projektereignis-firstfeier"],"acf":[],"_links":{"self":[{"href":"https:\/\/alpenlaendische.at\/tirol\/wp-json\/wp\/v2\/posts\/6521","targetHints":{"allow":["GET"]}}],"collection":[{"href":"https:\/\/alpenlaendische.at\/tirol\/wp-json\/wp\/v2\/posts"}],"about":[{"href":"https:\/\/alpenlaendische.at\/tirol\/wp-json\/wp\/v2\/types\/post"}],"author":[{"embeddable":true,"href":"https:\/\/alpenlaendische.at\/tirol\/wp-json\/wp\/v2\/users\/4"}],"replies":[{"embeddable":true,"href":"https:\/\/alpenlaendische.at\/tirol\/wp-json\/wp\/v2\/comments?post=6521"}],"version-history":[{"count":0,"href":"https:\/\/alpenlaendische.at\/tirol\/wp-json\/wp\/v2\/posts\/6521\/revisions"}],"wp:featuredmedia":[{"embeddable":true,"href":"https:\/\/alpenlaendische.at\/tirol\/wp-json\/wp\/v2\/media\/6082"}],"wp:attachment":[{"href":"https:\/\/alpenlaendische.at\/tirol\/wp-json\/wp\/v2\/media?parent=6521"}],"wp:term":[{"taxonomy":"category","embeddable":true,"href":"https:\/\/alpenlaendische.at\/tirol\/wp-json\/wp\/v2\/categories?post=6521"},{"taxonomy":"post_tag","embeddable":true,"href":"https:\/\/alpenlaendische.at\/tirol\/wp-json\/wp\/v2\/tags?post=6521"}],"curies":[{"name":"wp","href":"https:\/\/api.w.org\/{rel}","templated":true}]}}