{"id":8834,"date":"2023-07-03T08:48:23","date_gmt":"2023-07-03T06:48:23","guid":{"rendered":"https:\/\/alpenlaendische.at\/tirol\/?p=8834"},"modified":"2023-07-18T08:58:46","modified_gmt":"2023-07-18T06:58:46","slug":"firstfeier-fuer-eine-kleinwohnanlage-in-reutte","status":"publish","type":"post","link":"https:\/\/alpenlaendische.at\/tirol\/firstfeier-fuer-eine-kleinwohnanlage-in-reutte\/","title":{"rendered":"Firstfeier f\u00fcr eine Kleinwohnanlage in Reutte"},"content":{"rendered":"\n<p><strong>Familienfreundliches Wohnen in Reutte<\/strong><\/p>\n\n\n\n<p>Es entstehen 3 Dreizimmer- und 6 Zweizimmer-Wohnungen in einem eleganten Bauk\u00f6rper in Massivbauweise. Alle Wohnungen verf\u00fcgen \u00fcber sch\u00f6ne Balkone oder Gartenfl\u00e4chen und ein Kellerabteil. F\u00fcr die kleinsten Bewohner wird ein gut ausgestatteter Kinderspielplatz zur Verf\u00fcgung stehen. Das Geb\u00e4ude wird im Passivhausstandard gebaut, um f\u00fcr eine energiesparende Zukunft ger\u00fcstet zu sein.<\/p>\n\n\n\n<p>Die effiziente Haustechnik sieht ein automatisch gesteuertes, regeneratives Heizsystem auf Niedertemperaturbasis mittels Luftw\u00e4rmepumpe und eine Warmwasserbereitung mit eigenen optimierten W\u00e4rmepumpen in jeder Wohnung vor. Eine kontrollierte Komfortl\u00fcftung sorgt f\u00fcr zus\u00e4tzliches Wohlbefinden.<\/p>\n\n\n\n<p><strong>Besondere Herausforderung<\/strong><\/p>\n\n\n\n<p>Nachdem der Bauplatz ein R\u00fcckzugsgebiet f\u00fcr die gesch\u00fctzte Zauneidechse ist, wird ein eigenes Zauneidechsen-Habitat auf einer ausgewiesenen Ausgleichsfl\u00e4che errichtet. Dadurch wurde eine tierfreundliche L\u00f6sung gefunden und es kann wertvoller Wohnraum errichtet werden.<\/p>\n\n\n\n<p>\u201eEs ist schon ein Grund zum Feiern, wenn man als Gemeinde einer Firstfeier f\u00fcr eine hochwertige Wohnanlage beiwohnen kann. Diese Mietwohnungen sind in so schwierigen Zeiten, wie wir sie derzeit am Bau erleben, ein kleiner Lichtblick. Die st\u00e4ndig steigenden Mietpreise k\u00f6nnen hier noch in einem vertr\u00e4glichen Rahmen gehalten werden. Ein gro\u00dfer Dank geht an die Alpenl\u00e4ndische f\u00fcr die Umsetzung dieser Wohnanlage\u201c, so Johann Wacker, Gemeinderat von Reutte.<\/p>\n","protected":false},"excerpt":{"rendered":"<p>Am 28. Juni 2023 konnte die feierliche Firstfeier f\u00fcr eine neue attraktive Kleinwohnanlage in Passivhausbauweise auf einem sensiblen Grundst\u00fcck in Reutte begangen werden. Neun Mietwohnungen, neun Garagenparkpl\u00e4tze und vier Abstellpl\u00e4tze im Freien werden den zuk\u00fcnftigen Mietern ab Mitte n\u00e4chsten Jahres zur Verf\u00fcgung stehen.<\/p>\n","protected":false},"author":8,"featured_media":8745,"comment_status":"closed","ping_status":"closed","sticky":false,"template":"","format":"standard","meta":{"_acf_changed":false,"footnotes":""},"categories":[1],"tags":[],"class_list":["post-8834","post","type-post","status-publish","format-standard","has-post-thumbnail","hentry","category-allgemein","projektereignis-firstfeier"],"acf":[],"_links":{"self":[{"href":"https:\/\/alpenlaendische.at\/tirol\/wp-json\/wp\/v2\/posts\/8834","targetHints":{"allow":["GET"]}}],"collection":[{"href":"https:\/\/alpenlaendische.at\/tirol\/wp-json\/wp\/v2\/posts"}],"about":[{"href":"https:\/\/alpenlaendische.at\/tirol\/wp-json\/wp\/v2\/types\/post"}],"author":[{"embeddable":true,"href":"https:\/\/alpenlaendische.at\/tirol\/wp-json\/wp\/v2\/users\/8"}],"replies":[{"embeddable":true,"href":"https:\/\/alpenlaendische.at\/tirol\/wp-json\/wp\/v2\/comments?post=8834"}],"version-history":[{"count":4,"href":"https:\/\/alpenlaendische.at\/tirol\/wp-json\/wp\/v2\/posts\/8834\/revisions"}],"predecessor-version":[{"id":8838,"href":"https:\/\/alpenlaendische.at\/tirol\/wp-json\/wp\/v2\/posts\/8834\/revisions\/8838"}],"wp:featuredmedia":[{"embeddable":true,"href":"https:\/\/alpenlaendische.at\/tirol\/wp-json\/wp\/v2\/media\/8745"}],"wp:attachment":[{"href":"https:\/\/alpenlaendische.at\/tirol\/wp-json\/wp\/v2\/media?parent=8834"}],"wp:term":[{"taxonomy":"category","embeddable":true,"href":"https:\/\/alpenlaendische.at\/tirol\/wp-json\/wp\/v2\/categories?post=8834"},{"taxonomy":"post_tag","embeddable":true,"href":"https:\/\/alpenlaendische.at\/tirol\/wp-json\/wp\/v2\/tags?post=8834"}],"curies":[{"name":"wp","href":"https:\/\/api.w.org\/{rel}","templated":true}]}}