{"id":9455,"date":"2023-11-22T10:38:00","date_gmt":"2023-11-22T09:38:00","guid":{"rendered":"https:\/\/alpenlaendische.at\/tirol\/?p=9455"},"modified":"2024-10-18T11:31:11","modified_gmt":"2024-10-18T09:31:11","slug":"klimaaktiv-silber-sanierung-ausgezeichnet","status":"publish","type":"post","link":"https:\/\/alpenlaendische.at\/tirol\/klimaaktiv-silber-sanierung-ausgezeichnet\/","title":{"rendered":"Klimaaktiv Silber: Sanierung ausgezeichnet"},"content":{"rendered":"\n<p><\/p>\n\n\n\n<p><\/p>\n\n\n\n<p><\/p>\n\n\n\n<p><\/p>\n\n\n\n<p><strong>Klimaaktiv-Objekt des Monats 11\/2023: Innovative Sanierung eines Wohnblocks in Innsbruck samt effizienter Loop-W\u00e4rmepumpenl\u00f6sung<\/strong><\/p>\n\n\n\n<p>\u201eMit der Kombination aus Erfahrung und Innovation gegen die Stagnation, im Sinne einer nachhaltigen Entwicklung am Wohnungsmarkt, gehen wir als gemeinn\u00fctzige Wohnbaugesellschaft die Sanierung unserer Bestandsgeb\u00e4ude an. Wo sinnvoll m\u00f6glich, setzen wir auf Erhaltung, innovative Instandsetzung sowie Erweiterung unter ressourcenschonendsten M\u00f6glichkeiten.\u201c Beim erw\u00e4hnten Projekt wurden insgesamt 48 Wohneinheiten durch diverse Ma\u00dfnahmen thermisch aufgewertet. Hauptziele der Um- und Aufr\u00fcstungen waren eine nachhaltig effiziente Energienutzung in den Geb\u00e4uden zur Senkung von Energiekosten, aber auch, um die Vorgaben zur Erreichung der Klimaziele einhalten zu k\u00f6nnen. Die Sanierung entwickelte sich zum Leuchtturmprojekt, weil dabei ein Loop W\u00e4rmepumpensystem als leistungsstarke Kompaktl\u00f6sung f\u00fcr die Wohnung eingesetzt wurde. Eine innovative L\u00f6sung, die k\u00fcnftig zum technologischen Meilenstein beim Umr\u00fcsten von Altbauten werden kann und sich durch hohe Flexibilit\u00e4t und Skalierbarkeit auszeichnet.<\/p>\n\n\n\n<p><strong>Neue Technologie f\u00fcr neue Anspr\u00fcche<\/strong><\/p>\n\n\n\n<p>Davon, dass Altbausanierungen, angesichts angestrebter Klimaziele, neuer W\u00e4rmegesetze und der geforderten Taxonomiekonformit\u00e4t, k\u00fcnftig au\u00dferhalb von Fernw\u00e4rme- und Energienetzgebieten umgesetzt werden m\u00fcssen, ist auch Rainer Kri\u00dfmer vom Energieberatungsunternehmen EN-CON (Energy Consultants GmbH) \u00fcberzeugt, welcher die nachhaltige Strategie beim Projekt Fennerstra\u00dfe mitentwickelte: \u201eUnsere Aufgabe beim Sanierungsprojekt der Alpenl\u00e4ndischen war es, auf erneuerbare Energien umzur\u00fcsten. Unser Ziel war es, eine L\u00f6sung zu finden, mit der wir die Verteilungsverluste extrem minimieren k\u00f6nnen. Nachdem wir im Neubau schon lange auf semi-zentrale, kaskadierte W\u00e4rmepumpensysteme setzen, wollten wir dieses System auch in der Sanierung testen.\u201c Bei den Berechnungen und Analysen f\u00fcr das angestrebte Geb\u00e4udelevel der sanierten Fennerstra\u00dfe orientierte sich EN-CON einerseits am Ist-Soll-Abgleich des Energieausweises und andererseits an aktuellen Dekarbonisierungspfaden zur Erreichung globaler 1,5\u00b0C-Grad-Emissionsziele. Mit einem tats\u00e4chlichen Ergebnis von 1,3\u00b0C nach der Sanierung, konnte dieses Ziel sogar \u00fcbererf\u00fcllt werden. Ein Erfolg, der veranschaulicht, dass sich ein h\u00f6heres Investment in die Haustechnik wirklich lohnt, zumal der Wert ohne Sanierung bei 6,9\u00b0 gelegen h\u00e4tte. Um Aussagen zur Effizienz und Skalierbarkeit dieser L\u00f6sung treffen zu k\u00f6nnen, findet ein detailliertes Monitoring der relevanten Temperatur und Energieverbrauchsdaten statt.&nbsp;<\/p>\n\n\n\n<p><strong>Sparsame Loop-L\u00f6sung<\/strong><\/p>\n\n\n\n<p>In den 48 Wohnungen, in welchen bislang zum gr\u00f6\u00dften Teil einzelne Thermen und \u00d6fen in den Wohneinheiten in Betrieb waren, wurde im Zuge der thermischen Sanierung auf eine W\u00e4rmepumpen-Boiler-Kombi f\u00fcr Warmwasser und Heizung gewechselt. \u201eDaf\u00fcr leitet eine \u201ezentrale\u201c W\u00e4rmepumpe am Dach die gewonnene Energie mit nur 20\u00b0C Celsius Vorlauftemperatur in einem Kreislaufsystem, installiert im Stiegenhausauge, zu den Wohnungen. So m\u00fcssen die dezentralen W\u00e4rmepumpen, die in jeder Wohnung installiert sind, die W\u00e4rme nur noch um wenige Grade steigern\u201c, erkl\u00e4rt Geb\u00e4udetechniker Ing. Wolfgang Sch\u00f6sser, der die Planung des optimalen Heizungsschemas und die Installation des neuen Heizsystems vornahm. Im Vergleich: W\u00fcrde man im Geb\u00e4ude der Fennerstra\u00dfe auf die Zufuhr von Fernw\u00e4rme \u00fcber den Keller zur\u00fcckgreifen, l\u00e4ge die Vorlauftemperatur bei 80\u00b0C und es w\u00fcrde zu hohen Zirkulationsverlusten kommen. Das spart nicht nur CO2, sondern h\u00e4lt k\u00fcnftig auch die Betriebskosten niedrig und macht deren Abrechnung besonders einfach. Auch die kompakte Bauweise und die Flexibilit\u00e4t des Systems wurde bei dem Sanierungsprojekt zum wichtigen Entscheidungskriterium, da Sanierungen im bewohnten Zustand auch schrittweise umsetzbar sein m\u00fcssen. Bei dieser L\u00f6sung ist es auch m\u00f6glich Wohnung f\u00fcr Wohnung nachzur\u00fcsten.&nbsp;<\/p>\n\n\n\n<p>Nach Abschluss des detaillierten Monitorings \u00fcber zwei bis drei Heizperioden ist die Eigenversorgung mittels einer PV-Anlage der n\u00e4chste logische Schritt. Hier k\u00f6nnten die W\u00e4rmepumpen im Dachbereich und die Allgemeinstrombez\u00fcge abgedeckt werden, fallweise auch die Kleinstw\u00e4rmepumpen in den Wohnungen \u00fcber den Haushaltsstrom.&nbsp;&nbsp;Auch hier kann das bereits vorhandene Monitoring die Verbr\u00e4uche erfassen und mit den vorhandenen Daten vergleichen.<\/p>\n\n\n\n<div style=\"height:59px\" aria-hidden=\"true\" class=\"wp-block-spacer\"><\/div>\n\n\n\n<div class=\"wp-block-media-text is-stacked-on-mobile\" style=\"grid-template-columns:26% auto\"><figure class=\"wp-block-media-text__media\"><img decoding=\"async\" src=\"https:\/\/alpenlaendische.at\/tirol\/wp-content\/uploads\/sites\/2\/logo-klimaaktiv.svg\" alt=\"Partnerlogo Klimaaktiv\" class=\"wp-image-692 size-full\" \/><\/figure><div class=\"wp-block-media-text__content\">\n<p><strong><a href=\"https:\/\/www.klimaaktiv.at\/bauen-sanieren\/gebaeude-in-oesterreich\/objekt-des-monats-2023-11.html\">Zum Beitrag<\/a><\/strong> auf der Website des Bundesministeriums f\u00fcr Klimaschutz, Umwelt, Energie, Mobilit\u00e4t, Innovation und Technologie (BMK)<\/p>\n<\/div><\/div>\n\n\n\n<div class=\"wp-block-media-text is-stacked-on-mobile\" style=\"grid-template-columns:26% auto\"><figure class=\"wp-block-media-text__media\"><img loading=\"lazy\" decoding=\"async\" width=\"850\" height=\"850\" src=\"https:\/\/alpenlaendische.at\/tirol\/wp-content\/uploads\/sites\/2\/tirol2050_logo_gruen-2.png\" alt=\"\" class=\"wp-image-10051 size-full\" srcset=\"https:\/\/alpenlaendische.at\/tirol\/wp-content\/uploads\/sites\/2\/tirol2050_logo_gruen-2.png 850w, https:\/\/alpenlaendische.at\/tirol\/wp-content\/uploads\/sites\/2\/tirol2050_logo_gruen-2-300x300.png 300w, https:\/\/alpenlaendische.at\/tirol\/wp-content\/uploads\/sites\/2\/tirol2050_logo_gruen-2-150x150.png 150w, https:\/\/alpenlaendische.at\/tirol\/wp-content\/uploads\/sites\/2\/tirol2050_logo_gruen-2-768x768.png 768w\" sizes=\"auto, (max-width: 850px) 100vw, 850px\" \/><\/figure><div class=\"wp-block-media-text__content\">\n<p><a href=\"https:\/\/www.tirol2050.at\/geschichten-des-gelingens\/geschichte\/sanierungsprojekt-fennerstrasse\/\" data-type=\"link\" data-id=\"https:\/\/www.tirol2050.at\/geschichten-des-gelingens\/geschichte\/sanierungsprojekt-fennerstrasse\/\"><strong>Zum Beitrag<\/strong><\/a> auf der Website der TIROL 2050 energieautonom<\/p>\n<\/div><\/div>\n","protected":false},"excerpt":{"rendered":"<p>Bei der Generalsanierung eines Wohnblocks in der Fennerstra\u00dfe in Innsbruck wurden erstmals Mini-W\u00e4rmepumpen als effiziente, dezentrale L\u00f6sung f\u00fcr Wohnungen eingesetzt. Die Erreichung des klimaaktiv SILBER Standards ist f\u00fcr ein derartiges Sanierungsprojekt bemerkenswert.<\/p>\n","protected":false},"author":8,"featured_media":9415,"comment_status":"closed","ping_status":"closed","sticky":false,"template":"","format":"standard","meta":{"_acf_changed":false,"footnotes":""},"categories":[275,304,1],"tags":[],"class_list":["post-9455","post","type-post","status-publish","format-standard","has-post-thumbnail","hentry","category-klimaaktiv","category-nachhaltigkeit","category-allgemein","projektereignis-auszeichnung"],"acf":[],"_links":{"self":[{"href":"https:\/\/alpenlaendische.at\/tirol\/wp-json\/wp\/v2\/posts\/9455","targetHints":{"allow":["GET"]}}],"collection":[{"href":"https:\/\/alpenlaendische.at\/tirol\/wp-json\/wp\/v2\/posts"}],"about":[{"href":"https:\/\/alpenlaendische.at\/tirol\/wp-json\/wp\/v2\/types\/post"}],"author":[{"embeddable":true,"href":"https:\/\/alpenlaendische.at\/tirol\/wp-json\/wp\/v2\/users\/8"}],"replies":[{"embeddable":true,"href":"https:\/\/alpenlaendische.at\/tirol\/wp-json\/wp\/v2\/comments?post=9455"}],"version-history":[{"count":3,"href":"https:\/\/alpenlaendische.at\/tirol\/wp-json\/wp\/v2\/posts\/9455\/revisions"}],"predecessor-version":[{"id":10052,"href":"https:\/\/alpenlaendische.at\/tirol\/wp-json\/wp\/v2\/posts\/9455\/revisions\/10052"}],"wp:featuredmedia":[{"embeddable":true,"href":"https:\/\/alpenlaendische.at\/tirol\/wp-json\/wp\/v2\/media\/9415"}],"wp:attachment":[{"href":"https:\/\/alpenlaendische.at\/tirol\/wp-json\/wp\/v2\/media?parent=9455"}],"wp:term":[{"taxonomy":"category","embeddable":true,"href":"https:\/\/alpenlaendische.at\/tirol\/wp-json\/wp\/v2\/categories?post=9455"},{"taxonomy":"post_tag","embeddable":true,"href":"https:\/\/alpenlaendische.at\/tirol\/wp-json\/wp\/v2\/tags?post=9455"}],"curies":[{"name":"wp","href":"https:\/\/api.w.org\/{rel}","templated":true}]}}