{"id":9748,"date":"2024-02-07T14:26:17","date_gmt":"2024-02-07T13:26:17","guid":{"rendered":"https:\/\/alpenlaendische.at\/tirol\/?p=9748"},"modified":"2024-02-07T14:26:18","modified_gmt":"2024-02-07T13:26:18","slug":"aus-wohneinheiten-wird-ein-zuhause","status":"publish","type":"post","link":"https:\/\/alpenlaendische.at\/tirol\/aus-wohneinheiten-wird-ein-zuhause\/","title":{"rendered":"Aus Wohneinheiten wird ein Zuhause\u00a0"},"content":{"rendered":"\n<p><strong>Hohe Wohnqualit\u00e4t f\u00fcr eine kleine Wohngemeinschaft<\/strong><\/p>\n\n\n\n<p>Der dritte Bauabschnitt des Wohnbau-Projektes in der Lutterottistra\u00dfe bildet mit den beiden bereits bestehenden Bauk\u00f6rpern eine Art Ensemble entlang eines begr\u00fcnten Bahndammes und ist durch sch\u00f6ne Freifl\u00e4chen mit diesen verbunden. Nachdem der Bauplatz ein R\u00fcckzugsgebiet f\u00fcr die gesch\u00fctzte Zauneidechse ist, wurde ein eigenes Zauneidechsen-Habitat auf einer ausgewiesenen Ausgleichsfl\u00e4che errichtet.<\/p>\n\n\n\n<p>Jede der hochwertigen Wohnungen des Massivbaus im Passivhausstandard mit hocheffizienter Haustechnik verf\u00fcgt entweder \u00fcber einen Balkon bzw. eine Gartenfl\u00e4che, zus\u00e4tzlich steht den kleinsten Bewohnern ein sch\u00f6ner Kinderspielplatz zur Verf\u00fcgung.<\/p>\n\n\n<div class=\"wp-block-image is-style-rounded\">\n<figure class=\"alignright size-large is-resized\"><img loading=\"lazy\" decoding=\"async\" width=\"1024\" height=\"666\" src=\"https:\/\/alpenlaendische.at\/tirol\/wp-content\/uploads\/sites\/2\/T452-Reutte-Uebergabe-05-1024x666.jpg\" alt=\"\" class=\"wp-image-9753\" style=\"object-fit:cover;width:178px;height:178px\" srcset=\"https:\/\/alpenlaendische.at\/tirol\/wp-content\/uploads\/sites\/2\/T452-Reutte-Uebergabe-05-1024x666.jpg 1024w, https:\/\/alpenlaendische.at\/tirol\/wp-content\/uploads\/sites\/2\/T452-Reutte-Uebergabe-05-300x195.jpg 300w, https:\/\/alpenlaendische.at\/tirol\/wp-content\/uploads\/sites\/2\/T452-Reutte-Uebergabe-05-768x499.jpg 768w, https:\/\/alpenlaendische.at\/tirol\/wp-content\/uploads\/sites\/2\/T452-Reutte-Uebergabe-05-1536x998.jpg 1536w, https:\/\/alpenlaendische.at\/tirol\/wp-content\/uploads\/sites\/2\/T452-Reutte-Uebergabe-05.jpg 2000w\" sizes=\"auto, (max-width: 1024px) 100vw, 1024px\" \/><figcaption class=\"wp-element-caption\"><strong>Klaus Schimana<br><\/strong> Vizeb\u00fcrgermeister<\/figcaption><\/figure>\n<\/div>\n\n\n<p><strong>Wenn aus Pl\u00e4nen Wirklichkeit wird<\/strong><\/p>\n\n\n\n<p>Vizeb\u00fcrgermeister Klaus Schimana sprach bei der \u00dcbergabe der Kleinwohnanlage allen Beteiligten aus dem Herzen, indem er sich \u00fcber die beeindruckende Umsetzung der Ideen und Entw\u00fcrfe in die Realit\u00e4t freute: \u201eIch w\u00fcnsche den zuk\u00fcnftigen Bewohnerinnen und Bewohnern viel Gl\u00fcck in ihrem neuen Heim und eine lebendige Hausgemeinschaft, die einander unterst\u00fctzt und die sch\u00f6nen Wohnungen zu einem echten Zuhause werden l\u00e4sst.\u201c<\/p>\n\n\n\n<p>Zwei freie Einheiten stehen Interessierten noch zur Verf\u00fcgung und k\u00f6nnen gerne besichtigt werden.\u00a0Weitere Informationen dazu finden Sie auf der Projektseite.<\/p>\n","protected":false},"excerpt":{"rendered":"<p>In der Marktgemeinde Reutte \u00fcbergab die Alpenl\u00e4ndische am 30. J\u00e4nner 2024 eine kleine, attraktive Wohnanlage mit insgesamt 9 hochwertigen Mietwohnungen, 9 Tiefgaragenpl\u00e4tzen sowie 4 Besucherparkpl\u00e4tzen. Im Zuge der feierlichen \u00dcbergabe an die zuk\u00fcnftigen Mieter:innen herrschte gro\u00dfe Freude bei allen Beteiligten und der Wunsch nach einer lebendigen Hausgemeinschaft auf einem ganz speziellen Grundst\u00fcck.<\/p>\n","protected":false},"author":8,"featured_media":9749,"comment_status":"closed","ping_status":"closed","sticky":false,"template":"","format":"standard","meta":{"_acf_changed":false,"footnotes":""},"categories":[1],"tags":[],"class_list":["post-9748","post","type-post","status-publish","format-standard","has-post-thumbnail","hentry","category-allgemein","projektereignis-schluesseluebergabe"],"acf":[],"_links":{"self":[{"href":"https:\/\/alpenlaendische.at\/tirol\/wp-json\/wp\/v2\/posts\/9748","targetHints":{"allow":["GET"]}}],"collection":[{"href":"https:\/\/alpenlaendische.at\/tirol\/wp-json\/wp\/v2\/posts"}],"about":[{"href":"https:\/\/alpenlaendische.at\/tirol\/wp-json\/wp\/v2\/types\/post"}],"author":[{"embeddable":true,"href":"https:\/\/alpenlaendische.at\/tirol\/wp-json\/wp\/v2\/users\/8"}],"replies":[{"embeddable":true,"href":"https:\/\/alpenlaendische.at\/tirol\/wp-json\/wp\/v2\/comments?post=9748"}],"version-history":[{"count":4,"href":"https:\/\/alpenlaendische.at\/tirol\/wp-json\/wp\/v2\/posts\/9748\/revisions"}],"predecessor-version":[{"id":9774,"href":"https:\/\/alpenlaendische.at\/tirol\/wp-json\/wp\/v2\/posts\/9748\/revisions\/9774"}],"wp:featuredmedia":[{"embeddable":true,"href":"https:\/\/alpenlaendische.at\/tirol\/wp-json\/wp\/v2\/media\/9749"}],"wp:attachment":[{"href":"https:\/\/alpenlaendische.at\/tirol\/wp-json\/wp\/v2\/media?parent=9748"}],"wp:term":[{"taxonomy":"category","embeddable":true,"href":"https:\/\/alpenlaendische.at\/tirol\/wp-json\/wp\/v2\/categories?post=9748"},{"taxonomy":"post_tag","embeddable":true,"href":"https:\/\/alpenlaendische.at\/tirol\/wp-json\/wp\/v2\/tags?post=9748"}],"curies":[{"name":"wp","href":"https:\/\/api.w.org\/{rel}","templated":true}]}}