{"id":9948,"date":"2024-05-02T15:28:34","date_gmt":"2024-05-02T13:28:34","guid":{"rendered":"https:\/\/alpenlaendische.at\/tirol\/?p=9948"},"modified":"2024-05-02T15:56:23","modified_gmt":"2024-05-02T13:56:23","slug":"westendorf-freut-sich-ueber-neue-wohnungen","status":"publish","type":"post","link":"https:\/\/alpenlaendische.at\/tirol\/westendorf-freut-sich-ueber-neue-wohnungen\/","title":{"rendered":"Westendorf freut sich \u00fcber neue Wohnungen"},"content":{"rendered":"\n<p>Bereits bei der gut besuchten \u00dcbergabe und den ersten Einzugsarbeiten zeigte sich, wie wichtig der Bau der neuen Umfahrungsstra\u00dfe f\u00fcr die Erschlie\u00dfung des attraktiven Projekts mit 50 Wohneinheiten, einer Tiefgarage mit 54 Stellpl\u00e4tzen und 16 Besucherparkpl\u00e4tze im Freien, war. Als gestalterisches Highlight wurden in den drei Stiegenh\u00e4usern Ansichten von Westendorf als Tapeten in Szene gesetzt und damit der Ort mit ins Innere geholt. 33 Einheiten der energieeffizienten Anlage wurden als Eigentumswohnungen errichtet, 17 wurden als Miete mit Kaufoption nach TWFG 1991 vergeben. Der hohe Andrang an Interessenten machte klar, wie wichtig leistbare Wohnraumschaffung in der Region ist.<\/p>\n\n\n\n<p><strong>Gemeinsame Freude \u00fcber positiven Projektabschluss<\/strong><\/p>\n\n\n\n<p>Die Freude \u00fcber das neue Zuhause war den Bewohner:innen der Bichlinger Stra\u00dfe 89 bei den Feierlichkeiten anzusehen. Die Kleinsten probierten bereits den neu errichteten Spielplatz aus, w\u00e4hrend ihre Eltern sich gemeinsam mit den neuen Nachbar:innen und einigen Helfer:innen \u00fcber das Grillbuffet freuten. Neben dem amtierenden B\u00fcrgermeister Rene Schwaiger war auch die ehemalige B\u00fcrgermeisterin, GR Annamarie Plieseis vor Ort, unter deren Amtsperiode das Projekt geplant und gestartet wurde. Der wertsch\u00e4tzende Umgang mit allen Projektbeteiligten zog sich durch alle Projektphasen.<\/p>\n\n\n<div class=\"wp-block-image is-style-rounded\">\n<figure class=\"alignright size-full is-resized\"><img loading=\"lazy\" decoding=\"async\" width=\"796\" height=\"738\" src=\"https:\/\/alpenlaendische.at\/tirol\/wp-content\/uploads\/sites\/2\/T451-westendorf-BGM.jpg\" alt=\"\" class=\"wp-image-9977\" style=\"aspect-ratio:1;object-fit:cover;width:178px;height:auto\" srcset=\"https:\/\/alpenlaendische.at\/tirol\/wp-content\/uploads\/sites\/2\/T451-westendorf-BGM.jpg 796w, https:\/\/alpenlaendische.at\/tirol\/wp-content\/uploads\/sites\/2\/T451-westendorf-BGM-300x278.jpg 300w, https:\/\/alpenlaendische.at\/tirol\/wp-content\/uploads\/sites\/2\/T451-westendorf-BGM-768x712.jpg 768w\" sizes=\"auto, (max-width: 796px) 100vw, 796px\" \/><figcaption class=\"wp-element-caption\"><strong>Ren\u00e9 Schwaiger<\/strong><strong><br><\/strong>B\u00fcrgermeister<\/figcaption><\/figure>\n<\/div>\n\n\n<p>B\u00fcrgermeister Ren\u00e9 Schwaiger freute sich gemeinsam mit zahlreichen Teilnehmern \u00fcber das gelungen Wohnbauprojekt der Alpenl\u00e4ndischen: <em>\u201eDie Bereitstellung von attraktivem Wohnraum ist sehr wichtig f\u00fcr unsere Gemeinde. In diesem Sinne m\u00f6chte ich mich einmal mehr f\u00fcr die gute Zusammenarbeit bei der Alpenl\u00e4ndischen bedanken und freue mich schon auf weitere gemeinsame Projekte. Einen besonders starken Fokus m\u00f6chte ich dabei vermehrt auf das betreute Wohnen legen.\u201c<\/em><\/p>\n\n\n<div class=\"wp-block-image is-style-rounded\">\n<figure class=\"alignright size-full is-resized\"><img loading=\"lazy\" decoding=\"async\" width=\"656\" height=\"601\" src=\"https:\/\/alpenlaendische.at\/tirol\/wp-content\/uploads\/sites\/2\/T451-westendorf-springer.jpg\" alt=\"\" class=\"wp-image-9980\" style=\"object-fit:cover;width:178px;height:178px\" srcset=\"https:\/\/alpenlaendische.at\/tirol\/wp-content\/uploads\/sites\/2\/T451-westendorf-springer.jpg 656w, https:\/\/alpenlaendische.at\/tirol\/wp-content\/uploads\/sites\/2\/T451-westendorf-springer-300x275.jpg 300w\" sizes=\"auto, (max-width: 656px) 100vw, 656px\" \/><figcaption class=\"wp-element-caption\"><strong>Cornelia Springer <br><\/strong>Gesch\u00e4ftsf\u00fchrerin<\/figcaption><\/figure>\n<\/div>\n\n\n<p>GF Mag. (FH) Cornelia Springer von der Alpenl\u00e4ndischen meinte. <em>\u201eDie \u00dcbergabefeier bei herrlichem Wetter macht uns allen heute eine besondere Freude, da aufgrund des Projektstarts w\u00e4hrend der Coronakrise nicht viel Gelegenheit zum Kennenlernen m\u00f6glich war. Ein gro\u00dfer Dank gilt der Tiroler Wohnbauf\u00f6rderung, ohne die es nicht m\u00f6glich w\u00e4re, dass Wohnraum vergleichbar finanzierbar bleiben kann.\u201c<\/em><\/p>\n\n\n\n<p><strong>Qualit\u00e4tsvolle Umsetzung von neuem Wohnraum<\/strong><\/p>\n\n\n\n<p>Nach der feierlichen \u00dcbergabe von Schl\u00fcssel und Einzugsgeschenken der Alpenl\u00e4ndischen und der Segnung der neuen Anlage durch den Pfarrer Mag. Roland Fr\u00fchauf, f\u00fchrte Bauleiter Ing. Michael Cretnik noch interessierte Gemeindevertreter:innen durch die gelungene neue Wohnanlage. Das Projekt wurde von pendlarchitects geplant. Jede Wohnung verf\u00fcgt \u00fcber eine Terrasse oder einen Balkon. Die Energieversorgung erfolgt \u00fcber Holzpellets und die Geb\u00e4ude sind mit kontrollierten Wohnrauml\u00fcftungen ausgestattet. Der Heizw\u00e4rmebedarf betr\u00e4gt ca. 28 kWh\/m\u00b2a (H\u00e4user 1-3) bzw. 30 kWh\/m\u00b2a (H\u00e4user 4,5).<\/p>\n\n\n\n<p>Das Team der Alpenl\u00e4ndischen w\u00fcnscht allen Bewohner:innen eine sch\u00f6ne Zeit in ihrem neuen Zuhause und ein gutes nachbarschaftliches Zusammenleben.<\/p>\n","protected":false},"excerpt":{"rendered":"<p>Zwei Jahre nach dem Spatenstich im M\u00e4rz 2022 konnte das Wohnbauprojekt mit 50 Wohnungen in f\u00fcnf Bauk\u00f6rpern in Westendorf am 26. April 2024 nun feierlich \u00fcbergeben werden. <\/p>\n","protected":false},"author":8,"featured_media":9951,"comment_status":"closed","ping_status":"closed","sticky":false,"template":"","format":"standard","meta":{"_acf_changed":false,"footnotes":""},"categories":[1],"tags":[],"class_list":["post-9948","post","type-post","status-publish","format-standard","has-post-thumbnail","hentry","category-allgemein","projektereignis-schluesseluebergabe"],"acf":[],"_links":{"self":[{"href":"https:\/\/alpenlaendische.at\/tirol\/wp-json\/wp\/v2\/posts\/9948","targetHints":{"allow":["GET"]}}],"collection":[{"href":"https:\/\/alpenlaendische.at\/tirol\/wp-json\/wp\/v2\/posts"}],"about":[{"href":"https:\/\/alpenlaendische.at\/tirol\/wp-json\/wp\/v2\/types\/post"}],"author":[{"embeddable":true,"href":"https:\/\/alpenlaendische.at\/tirol\/wp-json\/wp\/v2\/users\/8"}],"replies":[{"embeddable":true,"href":"https:\/\/alpenlaendische.at\/tirol\/wp-json\/wp\/v2\/comments?post=9948"}],"version-history":[{"count":3,"href":"https:\/\/alpenlaendische.at\/tirol\/wp-json\/wp\/v2\/posts\/9948\/revisions"}],"predecessor-version":[{"id":9984,"href":"https:\/\/alpenlaendische.at\/tirol\/wp-json\/wp\/v2\/posts\/9948\/revisions\/9984"}],"wp:featuredmedia":[{"embeddable":true,"href":"https:\/\/alpenlaendische.at\/tirol\/wp-json\/wp\/v2\/media\/9951"}],"wp:attachment":[{"href":"https:\/\/alpenlaendische.at\/tirol\/wp-json\/wp\/v2\/media?parent=9948"}],"wp:term":[{"taxonomy":"category","embeddable":true,"href":"https:\/\/alpenlaendische.at\/tirol\/wp-json\/wp\/v2\/categories?post=9948"},{"taxonomy":"post_tag","embeddable":true,"href":"https:\/\/alpenlaendische.at\/tirol\/wp-json\/wp\/v2\/tags?post=9948"}],"curies":[{"name":"wp","href":"https:\/\/api.w.org\/{rel}","templated":true}]}}