{"id":10975,"date":"2024-05-20T14:17:05","date_gmt":"2024-05-20T12:17:05","guid":{"rendered":"https:\/\/alpenlaendische.at\/vorarlberg\/?p=10975"},"modified":"2024-05-29T14:37:37","modified_gmt":"2024-05-29T12:37:37","slug":"baustart-fuer-eine-neue-wohnanlage-in-hoerbranz","status":"publish","type":"post","link":"https:\/\/alpenlaendische.at\/vorarlberg\/baustart-fuer-eine-neue-wohnanlage-in-hoerbranz\/","title":{"rendered":"Baustart f\u00fcr eine neue Wohnanlage in H\u00f6rbranz"},"content":{"rendered":"\n<p>Es entstehen 14 freundlich und funktional gestaltete Wohnungen in zwei architektonisch attraktiv gestalteten Bauk\u00f6rpern, welche \u00fcber Treppenh\u00e4user erschlossen werden. Alle Wohnungen verf\u00fcgen \u00fcber sch\u00f6ne Balkone, ein Kellerabteil und einen Tiefgaragenplatz. Auch Fahrradabstellpl\u00e4tze, ein Kinderspielplatz und eine Vorbereitung zu E-Ladestationen (E-Mobility-Ready) sind f\u00fcr die zuk\u00fcnftigen Mieter vorgesehen.&nbsp;<\/p>\n\n\n\n<p>Die effiziente Haustechnik sieht eine Energieversorgung \u00fcber eine Luft-Wasser-W\u00e4rmepumpe samt Komfortl\u00fcftung sowie ein Photovoltaikanlage vor, wobei die W\u00e4rme \u00fcber eine Fu\u00dfbodenheizung verteilt wird. Der Heizw\u00e4rmebedarf des Geb\u00e4udes wird bei 33 kWh\/m\u00b2a liegen.&nbsp;<\/p>\n\n\n\n<p>B\u00fcrgermeister Andreas Kresser meinte anl\u00e4sslich des Spatenstichs:\u00a0 <em>\u201eLeistbaren Wohnraum zu finden wird immer schwieriger, umso wichtiger sind Projekte wie dieses. Die Marktgemeinde H\u00f6rbranz hat die Wichtigkeit solcher Vorhaben auch erkannt und f\u00f6rdert diese. So werden im, derzeit noch in Ausarbeitung befindlichen, r\u00e4umlichen Entwicklungsplan explizit Fl\u00e4chen ausgewiesen werden, die k\u00fcnftig dem gemeinn\u00fctzigen Wohnbau vorbehalten sind.\u201c<\/em><\/p>\n","protected":false},"excerpt":{"rendered":"<p>Am Mittwoch, den 15. Mai 2024, erfolgte der feierliche Spatenstich f\u00fcr eine neue Wohnanlage in zwei Bauk\u00f6rpern mit 14 Mietwohnungen, 14 \u00fcberdachte KFZ-Einstellpl\u00e4tze und 4 Besucherparkpl\u00e4tzen auf einem Grundst\u00fcck in H\u00f6rbranz nahe des Bodensees. Die Wohngescho\u00dfe werden in Holzbauweise mit moderner, vorgegrauter Fichtenholzfassade, die Technik- und Kellerr\u00e4ume in Massivbauweise ausgef\u00fchrt. Die Fertigstellung des Projektes ist f\u00fcr Dezember 2025 geplant.<\/p>\n","protected":false},"author":8,"featured_media":10923,"comment_status":"closed","ping_status":"closed","sticky":false,"template":"","format":"standard","meta":{"_acf_changed":false,"footnotes":""},"categories":[1],"tags":[],"class_list":["post-10975","post","type-post","status-publish","format-standard","has-post-thumbnail","hentry","category-allgemein","projektereignis-spatenstich"],"acf":[],"_links":{"self":[{"href":"https:\/\/alpenlaendische.at\/vorarlberg\/wp-json\/wp\/v2\/posts\/10975","targetHints":{"allow":["GET"]}}],"collection":[{"href":"https:\/\/alpenlaendische.at\/vorarlberg\/wp-json\/wp\/v2\/posts"}],"about":[{"href":"https:\/\/alpenlaendische.at\/vorarlberg\/wp-json\/wp\/v2\/types\/post"}],"author":[{"embeddable":true,"href":"https:\/\/alpenlaendische.at\/vorarlberg\/wp-json\/wp\/v2\/users\/8"}],"replies":[{"embeddable":true,"href":"https:\/\/alpenlaendische.at\/vorarlberg\/wp-json\/wp\/v2\/comments?post=10975"}],"version-history":[{"count":3,"href":"https:\/\/alpenlaendische.at\/vorarlberg\/wp-json\/wp\/v2\/posts\/10975\/revisions"}],"predecessor-version":[{"id":10985,"href":"https:\/\/alpenlaendische.at\/vorarlberg\/wp-json\/wp\/v2\/posts\/10975\/revisions\/10985"}],"wp:featuredmedia":[{"embeddable":true,"href":"https:\/\/alpenlaendische.at\/vorarlberg\/wp-json\/wp\/v2\/media\/10923"}],"wp:attachment":[{"href":"https:\/\/alpenlaendische.at\/vorarlberg\/wp-json\/wp\/v2\/media?parent=10975"}],"wp:term":[{"taxonomy":"category","embeddable":true,"href":"https:\/\/alpenlaendische.at\/vorarlberg\/wp-json\/wp\/v2\/categories?post=10975"},{"taxonomy":"post_tag","embeddable":true,"href":"https:\/\/alpenlaendische.at\/vorarlberg\/wp-json\/wp\/v2\/tags?post=10975"}],"curies":[{"name":"wp","href":"https:\/\/api.w.org\/{rel}","templated":true}]}}