{"id":11050,"date":"2024-06-21T10:35:12","date_gmt":"2024-06-21T08:35:12","guid":{"rendered":"https:\/\/alpenlaendische.at\/vorarlberg\/?p=11050"},"modified":"2024-06-25T10:39:39","modified_gmt":"2024-06-25T08:39:39","slug":"baustart-fuer-eine-neue-wohnanlage-in-feldkirch-altenstadt","status":"publish","type":"post","link":"https:\/\/alpenlaendische.at\/vorarlberg\/baustart-fuer-eine-neue-wohnanlage-in-feldkirch-altenstadt\/","title":{"rendered":"Baustart f\u00fcr eine neue Wohnanlage in Feldkirch-Altenstadt"},"content":{"rendered":"\n<p>Es entstehen 13 freundlich und funktional gestaltete Wohnungen in einem architektonisch attraktiv gestalteten Bauk\u00f6rper, welche \u00fcber ein innenliegendes Treppenhaus und einen Personenaufzug erschlossen werden. Alle Wohnungen verf\u00fcgen \u00fcber sch\u00f6ne Terrassen oder Balkone, ein Kellerabteil und einen Tiefgaragenplatz. Auch Fahrradabstellpl\u00e4tze, allgemeine Gr\u00fcnfl\u00e4chen mit Kinderspielplatz und eine Vorbereitung zu E-Ladestationen (E-Mobility-Ready) sind f\u00fcr die zuk\u00fcnftigen Mieter vorgesehen.&nbsp;<\/p>\n\n\n\n<p>Die effiziente Haustechnik sieht eine Energieversorgung \u00fcber eine Luftw\u00e4rmepumpe samt Komfortl\u00fcftung sowie ein Photovoltaikanlage vor, wobei die W\u00e4rme \u00fcber eine Fu\u00dfbodenheizung verteilt wird. Der Heizw\u00e4rmebedarf des Geb\u00e4udes wird bei etwa 15,4 kWh\/m\u00b2a liegen.<\/p>\n\n\n\n<p>Zitat von B\u00fcrgermeister Manfred R\u00e4dler anl\u00e4sslich des Spatenstichs:\u00a0<em>\u201eDer Spatenstich f\u00fcr die neue Wohnanlage in der Lehenhofstra\u00dfe im Ortsteil Altenstadt markiert einen wichtigen Meilenstein f\u00fcr unsere Gemeinde. Auf der einen Stra\u00dfenseite, bahnseitig, entstehen mehrere gemeinn\u00fctzige Wohnanlagen in \u00fcberschaubarer Gr\u00f6\u00dfe, w\u00e4hrend auf der anderen Stra\u00dfenseite \u00fcberwiegend Einfamilienh\u00e4user zu finden sind. Diese harmonische Erg\u00e4nzung von H\u00e4usern und kleineren Wohnanlagen schafft ein ausgewogenes und ansprechendes Gesamtbild, das auch f\u00fcr mich als neutralen Beobachter sehr gelungen wirkt.\u201c<\/em><\/p>\n","protected":false},"excerpt":{"rendered":"<p>Am Mittwoch, den 19. Juni 2024, erfolgte der feierliche Spatenstich f\u00fcr eine neue, Wohnanlage in einem Bauk\u00f6rper mit 13 Mietwohnungen, 13 Tiefgaragenpl\u00e4tzen und 5 Besucherparkpl\u00e4tzen auf einem ebenen Grundst\u00fcck in Altenstadt, einem sch\u00f6nen Stadtteil von Feldkirch. Das Bauwerk wird in Massivbauweise mit moderner, effizienter Haustechnik ausgef\u00fchrt. Die Fertigstellung des Projektes ist f\u00fcr Februar 2026 geplant.<\/p>\n","protected":false},"author":8,"featured_media":11051,"comment_status":"closed","ping_status":"closed","sticky":false,"template":"","format":"standard","meta":{"_acf_changed":false,"footnotes":""},"categories":[1],"tags":[],"class_list":["post-11050","post","type-post","status-publish","format-standard","has-post-thumbnail","hentry","category-allgemein","projektereignis-spatenstich"],"acf":[],"_links":{"self":[{"href":"https:\/\/alpenlaendische.at\/vorarlberg\/wp-json\/wp\/v2\/posts\/11050","targetHints":{"allow":["GET"]}}],"collection":[{"href":"https:\/\/alpenlaendische.at\/vorarlberg\/wp-json\/wp\/v2\/posts"}],"about":[{"href":"https:\/\/alpenlaendische.at\/vorarlberg\/wp-json\/wp\/v2\/types\/post"}],"author":[{"embeddable":true,"href":"https:\/\/alpenlaendische.at\/vorarlberg\/wp-json\/wp\/v2\/users\/8"}],"replies":[{"embeddable":true,"href":"https:\/\/alpenlaendische.at\/vorarlberg\/wp-json\/wp\/v2\/comments?post=11050"}],"version-history":[{"count":2,"href":"https:\/\/alpenlaendische.at\/vorarlberg\/wp-json\/wp\/v2\/posts\/11050\/revisions"}],"predecessor-version":[{"id":11068,"href":"https:\/\/alpenlaendische.at\/vorarlberg\/wp-json\/wp\/v2\/posts\/11050\/revisions\/11068"}],"wp:featuredmedia":[{"embeddable":true,"href":"https:\/\/alpenlaendische.at\/vorarlberg\/wp-json\/wp\/v2\/media\/11051"}],"wp:attachment":[{"href":"https:\/\/alpenlaendische.at\/vorarlberg\/wp-json\/wp\/v2\/media?parent=11050"}],"wp:term":[{"taxonomy":"category","embeddable":true,"href":"https:\/\/alpenlaendische.at\/vorarlberg\/wp-json\/wp\/v2\/categories?post=11050"},{"taxonomy":"post_tag","embeddable":true,"href":"https:\/\/alpenlaendische.at\/vorarlberg\/wp-json\/wp\/v2\/tags?post=11050"}],"curies":[{"name":"wp","href":"https:\/\/api.w.org\/{rel}","templated":true}]}}