{"id":11130,"date":"2024-06-01T11:14:03","date_gmt":"2024-06-01T09:14:03","guid":{"rendered":"https:\/\/alpenlaendische.at\/vorarlberg\/?p=11130"},"modified":"2024-10-18T12:13:35","modified_gmt":"2024-10-18T10:13:35","slug":"ausgezeichnete-nachhaltigkeit","status":"publish","type":"post","link":"https:\/\/alpenlaendische.at\/vorarlberg\/ausgezeichnete-nachhaltigkeit\/","title":{"rendered":"Ausgezeichnete Nachhaltigkeit"},"content":{"rendered":"\n<p>Vorarlbergs Spitze im klimafreundlichen Bauen ist breit aufgestellt.<br>57 besonders klimafreundliche Mehrwohnungsh\u00e4user, gewerbliche und \u00f6ffentliche Bauten wurden vor Kurzem von Landesrat Marco Tittler im Landhaus in Bregenz gew\u00fcrdigt. Die Alpenl\u00e4ndische sticht als gemeinn\u00fctziger Bautr\u00e4ger mit 31 zertifizierten Projekten deutlich hervor.&nbsp;<\/p>\n\n\n\n<p>Rund die H\u00e4lfte des Energiebedarfs in Vorarlberg entf\u00e4llt auf den Geb\u00e4udesektor, also das Heizen und K\u00fchlen von Geb\u00e4uden. Neue Geb\u00e4ude m\u00f6glichst energiesparend zu bauen und bestehende Geb\u00e4ude energetisch m\u00f6glichst hochwertig zu sanieren, ist auf dem Weg zur Energieautonomie daher besonders wichtig. Wie das geht, zeigten jene Projekte von einem Dutzend verschiedener Bautr\u00e4ger, die f\u00fcr ihre besonders niedrigen Energieverbr\u00e4uche ausgezeichnet wurden. Gerade f\u00fcr die gemeinn\u00fctzigen Bautr\u00e4ger sind g\u00fcnstige Mieten besonders wichtig und niedrige Energiekosten tragen nat\u00fcrlich dazu bei. Die Alpenl\u00e4ndische hat allein mit 19 nachhaltigen Bauprojekte zur Veranstaltung beigetragen.<\/p>\n\n\n\n<p>Als erste Gratulantin hat sich Bettina Bergauer vom Klimaministerium eingestellt, denn fast alle der gew\u00fcrdigten Projekte haben die vom Ministerium betreute klimaaktiv-Zertifizierung f\u00fcr nachhaltiges Bauen durchlaufen. Das Zertifikat hilft sowohl in der Planung als auch in der Qualit\u00e4tssicherung besonders energieeffizienter Geb\u00e4ude.<\/p>\n\n\n\n<p>Dass die Projekte in Bezug auf die Energieeffizienz auch halten, was sie versprechen, best\u00e4tigt Martin Ploss, Bereichsleiter f\u00fcr energieeffizientes Bauen im Energieinstitut. \u201eWir haben die Energieverbr\u00e4uche von einem Drittel der heute gew\u00fcrdigten Projekte teils \u00fcber einen l\u00e4ngeren Zeitraum gemessen und festgestellt, dass eine gute Planung und eine sorgf\u00e4ltige Umsetzung auch zuverl\u00e4ssig zu sparsamen Geb\u00e4uden f\u00fchren.\u201c<\/p>\n\n\n\n<p>Zwei Projekte der Alpenl\u00e4ndischen, die S\u00fcdtirolersiedlung in Bludenz und die Wohnanlage in Dafins, wurden auch im Rahmen der Wohnbauforschung begleitet, welche ein wichtiges Instrument zur Erforschung von innovativen Wohnbauvorhaben ist.&nbsp;<\/p>\n\n\n\n<p>Weiterf\u00fchrende Informationen unter:<a href=\"https:\/\/www.energieautonomie-vorarlberg.at\/das-leben\/news\/vorarlbergs-spitze-im-klimafreundlichen-bauen-ist-breit-aufgestellt\"> https:\/\/www.klimaaktiv.at\/bauen-sanieren\/gebaeude-in-oesterreich\/auszeichnungsva\/klimaaktiv-auszeichnung-vorarlberg.html<\/a><\/p>\n","protected":false},"excerpt":{"rendered":"<p>Die Alpenl\u00e4ndische freut sich \u00fcber eine besondere W\u00fcrdigung f\u00fcr ihre Projekte in Vorarlberg<\/p>\n","protected":false},"author":8,"featured_media":11131,"comment_status":"closed","ping_status":"closed","sticky":false,"template":"","format":"standard","meta":{"_acf_changed":false,"footnotes":""},"categories":[1,275,387],"tags":[],"class_list":["post-11130","post","type-post","status-publish","format-standard","has-post-thumbnail","hentry","category-allgemein","category-klimaaktiv","category-nachhaltigkeit"],"acf":[],"_links":{"self":[{"href":"https:\/\/alpenlaendische.at\/vorarlberg\/wp-json\/wp\/v2\/posts\/11130","targetHints":{"allow":["GET"]}}],"collection":[{"href":"https:\/\/alpenlaendische.at\/vorarlberg\/wp-json\/wp\/v2\/posts"}],"about":[{"href":"https:\/\/alpenlaendische.at\/vorarlberg\/wp-json\/wp\/v2\/types\/post"}],"author":[{"embeddable":true,"href":"https:\/\/alpenlaendische.at\/vorarlberg\/wp-json\/wp\/v2\/users\/8"}],"replies":[{"embeddable":true,"href":"https:\/\/alpenlaendische.at\/vorarlberg\/wp-json\/wp\/v2\/comments?post=11130"}],"version-history":[{"count":4,"href":"https:\/\/alpenlaendische.at\/vorarlberg\/wp-json\/wp\/v2\/posts\/11130\/revisions"}],"predecessor-version":[{"id":11296,"href":"https:\/\/alpenlaendische.at\/vorarlberg\/wp-json\/wp\/v2\/posts\/11130\/revisions\/11296"}],"wp:featuredmedia":[{"embeddable":true,"href":"https:\/\/alpenlaendische.at\/vorarlberg\/wp-json\/wp\/v2\/media\/11131"}],"wp:attachment":[{"href":"https:\/\/alpenlaendische.at\/vorarlberg\/wp-json\/wp\/v2\/media?parent=11130"}],"wp:term":[{"taxonomy":"category","embeddable":true,"href":"https:\/\/alpenlaendische.at\/vorarlberg\/wp-json\/wp\/v2\/categories?post=11130"},{"taxonomy":"post_tag","embeddable":true,"href":"https:\/\/alpenlaendische.at\/vorarlberg\/wp-json\/wp\/v2\/tags?post=11130"}],"curies":[{"name":"wp","href":"https:\/\/api.w.org\/{rel}","templated":true}]}}