{"id":11139,"date":"2024-07-22T10:14:37","date_gmt":"2024-07-22T08:14:37","guid":{"rendered":"https:\/\/alpenlaendische.at\/vorarlberg\/?p=11139"},"modified":"2024-07-22T10:14:38","modified_gmt":"2024-07-22T08:14:38","slug":"nachhaltiges-energieeffizientes-wohnen-in-gisingen","status":"publish","type":"post","link":"https:\/\/alpenlaendische.at\/vorarlberg\/nachhaltiges-energieeffizientes-wohnen-in-gisingen\/","title":{"rendered":"Nachhaltiges, energieeffizientes Wohnen in Gisingen"},"content":{"rendered":"\n<p>Die&nbsp;gef\u00f6rderten&nbsp;Mietwohnungen des eleganten Bauk\u00f6rpers in nachhaltiger Holzbauweise verf\u00fcgen allesamt \u00fcber sch\u00f6ne Balkone, ein Kellerabteil und einen eigenen Tiefgaragenplatz. Auch ein Kinderspielplatz ist f\u00fcr die zuk\u00fcnftigen Mieter vorgesehen. Als Besonderheit gibt es einen Gemeinschaftsraum mit integrierter K\u00fcche als Treffpunkt f\u00fcr die gesamte Hausgemeinschaft.<\/p>\n\n\n\n<p>Die effiziente Haustechnik sieht eine Sole\/Wasser-W\u00e4rmepumpenanlage samt Komfortl\u00fcftung sowie ein Photovoltaikanlage vor. Als Energiequelle dient Erdw\u00e4rme (Energiesonden), der durch die PV-Anlage generierte Strom kommt als Eigenstrom der zentralen W\u00e4rmepumpe zugute. Der Heizw\u00e4rmebedarf des Geb\u00e4udes liegt bei 28 kWh\/m\u00b2a.&nbsp;<\/p>\n\n\n\n<p><strong>Verdiente Dankesworte<\/strong><\/p>\n\n\n\n<p>Die von Herzen kommenden Dankesworte f\u00fcr die gro\u00dfartige Zusammenarbeit galten der Stadt Feldkirch, dem Land Vorarlberg f\u00fcr die zur Verf\u00fcgungsstellung der Wohnbauf\u00f6rdermittel f\u00fcr leistbares Wohnen, dem Architekturb\u00fcro Dorner \\ Matt sowie dem Generalunternehmer f\u00fcr die unkomplizierte Abwicklung und ausgezeichnete Bauqualit\u00e4t.&nbsp;<\/p>\n\n\n<div class=\"wp-block-image is-style-rounded\">\n<figure class=\"alignright size-large is-resized\"><img loading=\"lazy\" decoding=\"async\" width=\"1024\" height=\"916\" src=\"https:\/\/alpenlaendische.at\/vorarlberg\/wp-content\/uploads\/sites\/15\/V204-gisingen-uebergabe-20-e1721635852243-1024x916.jpg\" alt=\"\" class=\"wp-image-11159\" style=\"object-fit:cover;width:178px;height:178px\" srcset=\"https:\/\/alpenlaendische.at\/vorarlberg\/wp-content\/uploads\/sites\/15\/V204-gisingen-uebergabe-20-e1721635852243-1024x916.jpg 1024w, https:\/\/alpenlaendische.at\/vorarlberg\/wp-content\/uploads\/sites\/15\/V204-gisingen-uebergabe-20-e1721635852243-300x268.jpg 300w, https:\/\/alpenlaendische.at\/vorarlberg\/wp-content\/uploads\/sites\/15\/V204-gisingen-uebergabe-20-e1721635852243-768x687.jpg 768w, https:\/\/alpenlaendische.at\/vorarlberg\/wp-content\/uploads\/sites\/15\/V204-gisingen-uebergabe-20-e1721635852243.jpg 1490w\" sizes=\"auto, (max-width: 1024px) 100vw, 1024px\" \/><figcaption class=\"wp-element-caption\"><strong>Manfred R\u00e4dler<br><\/strong>B\u00fcrgermeister<\/figcaption><\/figure>\n<\/div>\n\n\n<p>Auch den Nachbarn wurde Dank ausgesprochen, da sie sich von Baubeginn an sehr unterst\u00fctzend und r\u00fccksichtsvoll in der Baustellenabwicklung bzgl. Parken, Baustellenverkehr etc. gezeigt haben.<\/p>\n\n\n\n<p>\u201eWir sind froh und stolz dar\u00fcber, unsere Mitb\u00fcrger:innen mit dringendem Wohnbedarf durch die Bereitstellung von gef\u00f6rdertem Wohnraum in einem so attraktiven Projekt unterst\u00fctzen zu k\u00f6nnen. Es zeigt sich immer wieder, dass der gemeinn\u00fctzige Wohnbau ein hervorragender Partner ist.\u201c \u2013 so B\u00fcrgermeister Manfred R\u00e4dler anl\u00e4sslich der \u00dcbergabe<\/p>\n","protected":false},"excerpt":{"rendered":"<p>Im Ratssaal in Feldkirch konnte am Mittwoch, den 03. Juli 2024 die feierliche Schl\u00fcssel\u00fcbergabe f\u00fcr eine neue Wohnanlage mit 11 Mietwohnungen auf einem sch\u00f6nen Grundst\u00fcck in Gisingen stattfinden. B\u00fcrgermeister Ing. Manfred R\u00e4dler, viele Projektbeteiligte sowie Ehreng\u00e4ste und die zuk\u00fcnftigen Bewohner freuten sich \u00fcber die Fertigstellung des Projektes.<\/p>\n","protected":false},"author":8,"featured_media":11140,"comment_status":"closed","ping_status":"closed","sticky":false,"template":"","format":"standard","meta":{"_acf_changed":false,"footnotes":""},"categories":[1],"tags":[],"class_list":["post-11139","post","type-post","status-publish","format-standard","has-post-thumbnail","hentry","category-allgemein","projektereignis-schluesseluebergabe"],"acf":[],"_links":{"self":[{"href":"https:\/\/alpenlaendische.at\/vorarlberg\/wp-json\/wp\/v2\/posts\/11139","targetHints":{"allow":["GET"]}}],"collection":[{"href":"https:\/\/alpenlaendische.at\/vorarlberg\/wp-json\/wp\/v2\/posts"}],"about":[{"href":"https:\/\/alpenlaendische.at\/vorarlberg\/wp-json\/wp\/v2\/types\/post"}],"author":[{"embeddable":true,"href":"https:\/\/alpenlaendische.at\/vorarlberg\/wp-json\/wp\/v2\/users\/8"}],"replies":[{"embeddable":true,"href":"https:\/\/alpenlaendische.at\/vorarlberg\/wp-json\/wp\/v2\/comments?post=11139"}],"version-history":[{"count":4,"href":"https:\/\/alpenlaendische.at\/vorarlberg\/wp-json\/wp\/v2\/posts\/11139\/revisions"}],"predecessor-version":[{"id":11163,"href":"https:\/\/alpenlaendische.at\/vorarlberg\/wp-json\/wp\/v2\/posts\/11139\/revisions\/11163"}],"wp:featuredmedia":[{"embeddable":true,"href":"https:\/\/alpenlaendische.at\/vorarlberg\/wp-json\/wp\/v2\/media\/11140"}],"wp:attachment":[{"href":"https:\/\/alpenlaendische.at\/vorarlberg\/wp-json\/wp\/v2\/media?parent=11139"}],"wp:term":[{"taxonomy":"category","embeddable":true,"href":"https:\/\/alpenlaendische.at\/vorarlberg\/wp-json\/wp\/v2\/categories?post=11139"},{"taxonomy":"post_tag","embeddable":true,"href":"https:\/\/alpenlaendische.at\/vorarlberg\/wp-json\/wp\/v2\/tags?post=11139"}],"curies":[{"name":"wp","href":"https:\/\/api.w.org\/{rel}","templated":true}]}}