{"id":11658,"date":"2025-01-23T13:45:08","date_gmt":"2025-01-23T12:45:08","guid":{"rendered":"https:\/\/alpenlaendische.at\/vorarlberg\/?p=11658"},"modified":"2025-01-23T13:46:11","modified_gmt":"2025-01-23T12:46:11","slug":"spatenstich-fuer-den-zweiten-bauabschnitt-eines-lebens-und-wohnquartiers-in-lustenau","status":"publish","type":"post","link":"https:\/\/alpenlaendische.at\/vorarlberg\/spatenstich-fuer-den-zweiten-bauabschnitt-eines-lebens-und-wohnquartiers-in-lustenau\/","title":{"rendered":"Spatenstich f\u00fcr den zweiten Bauabschnitt eines Lebens- und Wohnquartiers in Lustenau"},"content":{"rendered":"\n<p>Es entstehen 7 Vierzimmerwohnungen, 7 Dreizimmerwohnungen und 14 Zweizimmerwohnungen mit Kaufoption in einem attraktiven Bauk\u00f6rper mit Holzfassade. Die Wohnanlage wird durch ein Stiegenhaus und mittels eines Personenaufzugs erschlossen. Alle Wohnungen verf\u00fcgen \u00fcber sch\u00f6ne Balkone oder Terrassen, ein Kellerabteil und einen Tiefgaragenabstellplatz. Auch ein Kinderspielplatz und Fahrradabstellpl\u00e4tze sind f\u00fcr die zuk\u00fcnftigen Mieter vorgesehen.&nbsp;<\/p>\n\n\n\n<p>Die effiziente Haustechnik sieht eine Luft-Wasser-W\u00e4rmepumpenanlage samt Komfortl\u00fcftung und eine Photovoltaikanlage vor, wobei die W\u00e4rme \u00fcber eine Fu\u00dfbodenheizung verteilt wird. Der Heizw\u00e4rmebedarf des Geb\u00e4udes liegt bei ca. 21 kWh\/m\u00b2a.&nbsp;<\/p>\n\n\n<div class=\"wp-block-image is-style-rounded\">\n<figure class=\"alignright size-large is-resized\"><img loading=\"lazy\" decoding=\"async\" width=\"933\" height=\"660\" src=\"https:\/\/alpenlaendische.at\/vorarlberg\/wp-content\/uploads\/sites\/15\/Kurt_Fischer_Lustenau_cLukasHaemmerle-edited.jpg\" alt=\"\" class=\"wp-image-11670\" style=\"object-fit:cover;width:178px;height:178px\" srcset=\"https:\/\/alpenlaendische.at\/vorarlberg\/wp-content\/uploads\/sites\/15\/Kurt_Fischer_Lustenau_cLukasHaemmerle-edited.jpg 933w, https:\/\/alpenlaendische.at\/vorarlberg\/wp-content\/uploads\/sites\/15\/Kurt_Fischer_Lustenau_cLukasHaemmerle-edited-300x212.jpg 300w, https:\/\/alpenlaendische.at\/vorarlberg\/wp-content\/uploads\/sites\/15\/Kurt_Fischer_Lustenau_cLukasHaemmerle-edited-768x543.jpg 768w\" sizes=\"auto, (max-width: 933px) 100vw, 933px\" \/><figcaption class=\"wp-element-caption\"><strong>Kurt Fischer <\/strong><br>B\u00fcrgermeister<\/figcaption><\/figure>\n<\/div>\n\n\n<p>B\u00fcrgermeister Kurt Fischer: \u201eWir freuen uns, dass wir hier einmal mehr den Lustenauerinnen und Lustenauern attraktiven, leistbaren Wohnraum bieten k\u00f6nnen. Das ganze Projekt schafft dank der gro\u00dfr\u00e4umigen, zusammenh\u00e4ngenden Planung, die wir gemeinsam mit den Projektpartnern umsetzen konnten, eine hohe Aufenthaltsqualit\u00e4t f\u00fcr Bewohner, Besucher und auch alle Verkehrsteilnehmer, die mit dem Rad, zu Fu\u00df, dem \u00f6ffentlichen Verkehr und PKW unterwegs sind.\u201c<\/p>\n\n\n\n<p>Markus Allg\u00e4uer, Gesch\u00e4ftsstellenleiter der Alpenl\u00e4ndischen, meinte anl\u00e4sslich des Spatenstichs: \u201eMit dem Bau des zweiten Abschnitts k\u00f6nnen wir das neue Quartier nun vervollst\u00e4ndigen und einen Platz\u00a0schaffen, der f\u00fcr Radfahrer, Fu\u00dfg\u00e4nger, Bewohner und Besucher eine hohe Aufenthaltsqualit\u00e4t bietet. Ich w\u00fcnsche allen Beteiligten einen guten, erfolgreichen weiteren Bauverlauf.\u201c\u00a0<\/p>\n\n\n\n<p>\u201eMit der zweiten Bauetappe des neuen Quartiers schafft die Markgemeinde Lustenau leistbaren Wohnraum und bekommt zudem eine ortsbaulich markante Torsituation am Beginn der Zentrumsachse\u201c, so Architekt Stephan Grabher, MSc Arch.<\/p>\n","protected":false},"excerpt":{"rendered":"<p>Am Donnerstag, den 16. J\u00e4nner 2025 erfolgte der feierliche Spatenstich f\u00fcr den zweiten Bauabschnitt innerhalb eines neuen Quartiers mit Wohnungen, Gewerbe- und Gastronomiefl\u00e4chen in Lustenau. Hier entsteht ein Platz, der f\u00fcr Radfahrer, Fu\u00dfg\u00e4nger, Bewohner und Besucher mit seinem ger\u00e4umigen Ambiente eine hohe Aufenthaltsqualit\u00e4t bietet. Der Baustart des h\u00f6chst energieeffizienten Geb\u00e4udes in Holzbauweise mit 28 Wohneinheiten, 35 Tiefgaragenpl\u00e4tzen und 8 Besucherparkpl\u00e4tzen im Freien fand bereits im November 2024 statt, die Fertigstellung des Projektes ist f\u00fcr Mai 2027 geplant.<\/p>\n","protected":false},"author":8,"featured_media":11659,"comment_status":"closed","ping_status":"closed","sticky":false,"template":"","format":"standard","meta":{"_acf_changed":false,"footnotes":""},"categories":[1],"tags":[],"class_list":["post-11658","post","type-post","status-publish","format-standard","has-post-thumbnail","hentry","category-allgemein","projektereignis-spatenstich"],"acf":[],"_links":{"self":[{"href":"https:\/\/alpenlaendische.at\/vorarlberg\/wp-json\/wp\/v2\/posts\/11658","targetHints":{"allow":["GET"]}}],"collection":[{"href":"https:\/\/alpenlaendische.at\/vorarlberg\/wp-json\/wp\/v2\/posts"}],"about":[{"href":"https:\/\/alpenlaendische.at\/vorarlberg\/wp-json\/wp\/v2\/types\/post"}],"author":[{"embeddable":true,"href":"https:\/\/alpenlaendische.at\/vorarlberg\/wp-json\/wp\/v2\/users\/8"}],"replies":[{"embeddable":true,"href":"https:\/\/alpenlaendische.at\/vorarlberg\/wp-json\/wp\/v2\/comments?post=11658"}],"version-history":[{"count":4,"href":"https:\/\/alpenlaendische.at\/vorarlberg\/wp-json\/wp\/v2\/posts\/11658\/revisions"}],"predecessor-version":[{"id":11672,"href":"https:\/\/alpenlaendische.at\/vorarlberg\/wp-json\/wp\/v2\/posts\/11658\/revisions\/11672"}],"wp:featuredmedia":[{"embeddable":true,"href":"https:\/\/alpenlaendische.at\/vorarlberg\/wp-json\/wp\/v2\/media\/11659"}],"wp:attachment":[{"href":"https:\/\/alpenlaendische.at\/vorarlberg\/wp-json\/wp\/v2\/media?parent=11658"}],"wp:term":[{"taxonomy":"category","embeddable":true,"href":"https:\/\/alpenlaendische.at\/vorarlberg\/wp-json\/wp\/v2\/categories?post=11658"},{"taxonomy":"post_tag","embeddable":true,"href":"https:\/\/alpenlaendische.at\/vorarlberg\/wp-json\/wp\/v2\/tags?post=11658"}],"curies":[{"name":"wp","href":"https:\/\/api.w.org\/{rel}","templated":true}]}}