{"id":11930,"date":"2025-07-03T12:04:41","date_gmt":"2025-07-03T10:04:41","guid":{"rendered":"https:\/\/alpenlaendische.at\/vorarlberg\/?p=11930"},"modified":"2025-07-16T08:48:25","modified_gmt":"2025-07-16T06:48:25","slug":"spatenstich-fuer-ein-schoenes-wohnbauprojekt-in-altenstadt","status":"publish","type":"post","link":"https:\/\/alpenlaendische.at\/vorarlberg\/spatenstich-fuer-ein-schoenes-wohnbauprojekt-in-altenstadt\/","title":{"rendered":"Firstfeier f\u00fcr ein sch\u00f6nes Wohnbauprojekt in Altenstadt"},"content":{"rendered":"\n<p>Es entstehen attraktive Wohneinheiten unterschiedlicher Gr\u00f6\u00dfe in einem Bauk\u00f6rper, welcher mit einer Fassade mit hell-dunkel Effekten ausgestattet wird.<\/p>\n\n\n\n<p>Die Wohnanlage wird durch ein Stiegenhaus und mittels eines Personenaufzugs erschlossen. Alle Wohnungen verf\u00fcgen \u00fcber sch\u00f6ne Terrassen bzw. Balkone, ein Kellerabteil und einen Tiefgaragenabstellplatz. Auch allgemeine Gr\u00fcnfl\u00e4chen und Fahrradabstellpl\u00e4tze sind f\u00fcr die zuk\u00fcnftigen Mieter vorgesehen.&nbsp;<\/p>\n\n\n\n<p>Die effiziente Haustechnik sieht eine Luft-W\u00e4rmepumpenanlage samt kontrollierter Wohnrauml\u00fcftung und eine Photovoltaikanlage vor, wobei die W\u00e4rme \u00fcber eine Fu\u00dfbodenheizung verteilt wird. Der Heizw\u00e4rmebedarf des Geb\u00e4udes liegt bei ca. 15,4 kWh\/m\u00b2a.&nbsp;<\/p>\n\n\n\n<p>Bauleiter Luca Lueger von der Baufirma Rhomberg meinte anl\u00e4sslich des Firstfeier: \u201eWir freuen uns, dass das Projekt bislang unfallfrei und im Zeitplan verl\u00e4uft. Der Estrich ist bereits vollst\u00e4ndig ausgetrocknet, sodass die Bodenlegearbeiten wie geplant beginnen k\u00f6nnen. Eine tolle Leistung aller beteiligten Handwerker \u2013 der termingerechten \u00dcbergabe der 13 Wohnungen im November 2025 steht damit nichts im Wege!\u201c\u00a0<\/p>\n\n\n<div class=\"wp-block-image is-style-rounded\">\n<figure class=\"alignright size-large is-resized\"><img loading=\"lazy\" decoding=\"async\" width=\"437\" height=\"291\" src=\"https:\/\/alpenlaendische.at\/vorarlberg\/wp-content\/uploads\/sites\/15\/V199-Altenstadt-Baustellenhoch-01-edited-1.jpg\" alt=\"\" class=\"wp-image-11956\" style=\"object-fit:cover;width:178px;height:178px\" srcset=\"https:\/\/alpenlaendische.at\/vorarlberg\/wp-content\/uploads\/sites\/15\/V199-Altenstadt-Baustellenhoch-01-edited-1.jpg 437w, https:\/\/alpenlaendische.at\/vorarlberg\/wp-content\/uploads\/sites\/15\/V199-Altenstadt-Baustellenhoch-01-edited-1-300x200.jpg 300w\" sizes=\"auto, (max-width: 437px) 100vw, 437px\" \/><figcaption class=\"wp-element-caption\"><strong>Dipl. Ing. Harald Hutter<br><\/strong> GU Rhomberg<\/figcaption><\/figure>\n<\/div>\n\n\n<p>Harald Hutter erg\u00e4nzte: \u201eDie erfolgreiche Zusammenarbeit mit der Bauherrin AGW, vertreten durch Markus Allg\u00e4uer und Patrick Str\u00f6hle, sowie die faire und korrekte Abwicklung durch die Baubeh\u00f6rde und die weiteren Einrichtungen der Stadt Feldkirch haben ma\u00dfgeblich zum Projekterfolg beigetragen. Wir sind uns sicher, dass sich die zuk\u00fcnftigen Bewohnerinnen und Bewohner hier sehr wohlf\u00fchlen werden \u2013 das freut uns besonders.\u201c<\/p>\n\n\n<div class=\"wp-block-image is-style-rounded\">\n<figure class=\"alignright size-large is-resized\"><img loading=\"lazy\" decoding=\"async\" width=\"1024\" height=\"682\" src=\"https:\/\/alpenlaendische.at\/vorarlberg\/wp-content\/uploads\/sites\/15\/V199-Altenstadt-Baustellenhoch-20-1024x682.jpg\" alt=\"\" class=\"wp-image-11952\" style=\"object-fit:cover;width:178px;height:178px\" srcset=\"https:\/\/alpenlaendische.at\/vorarlberg\/wp-content\/uploads\/sites\/15\/V199-Altenstadt-Baustellenhoch-20-1024x682.jpg 1024w, https:\/\/alpenlaendische.at\/vorarlberg\/wp-content\/uploads\/sites\/15\/V199-Altenstadt-Baustellenhoch-20-300x200.jpg 300w, https:\/\/alpenlaendische.at\/vorarlberg\/wp-content\/uploads\/sites\/15\/V199-Altenstadt-Baustellenhoch-20-768x512.jpg 768w, https:\/\/alpenlaendische.at\/vorarlberg\/wp-content\/uploads\/sites\/15\/V199-Altenstadt-Baustellenhoch-20-1536x1024.jpg 1536w, https:\/\/alpenlaendische.at\/vorarlberg\/wp-content\/uploads\/sites\/15\/V199-Altenstadt-Baustellenhoch-20.jpg 2000w\" sizes=\"auto, (max-width: 1024px) 100vw, 1024px\" \/><figcaption class=\"wp-element-caption\">Mag. Julia Berchtold <br>Stadtr\u00e4tin<\/figcaption><\/figure>\n<\/div>\n\n\n<p>Frau Stadtr\u00e4tin Mag. Julia Berchtold zeigte sich ebenfalls sehr erfreut: \u201eAttraktiven, energiesparenden Wohnraum f\u00fcr unsere B\u00fcrger zu schaffen, ist uns nat\u00fcrlich stets ein gro\u00dfes Anliegen. Es freut mich anl\u00e4sslich dieser Firstfeier zu sehen, wie gut die Bauarbeiten im eingespielten Team bereits vorangehen und so sehen wir alle einer erfolgreichen Fertigstellung in wenigen Monaten mit Spannung und Freude entgegen.\u201c<\/p>\n\n\n\n<p><\/p>\n\n\n\n<p><\/p>\n","protected":false},"excerpt":{"rendered":"<p>Am Mittwoch, den 19. Juni 2025, erfolgte die feierliche Firstfeier f\u00fcr eine kleine Wohnanlage in Altenstadt, einem Ortsteil von Feldkirch. Hier entstehen 13 Mietwohnungen, 13 Tiefgaragenpl\u00e4tze und 5 Besucherparkpl\u00e4tze im Freien. Die Fertigstellung des nachhaltigen Projektes in Massivbauweise ist f\u00fcr November 2025 geplant.<\/p>\n","protected":false},"author":8,"featured_media":11933,"comment_status":"closed","ping_status":"closed","sticky":false,"template":"","format":"standard","meta":{"_acf_changed":false,"footnotes":""},"categories":[1],"tags":[],"class_list":["post-11930","post","type-post","status-publish","format-standard","has-post-thumbnail","hentry","category-allgemein","projektereignis-firstfeier"],"acf":[],"_links":{"self":[{"href":"https:\/\/alpenlaendische.at\/vorarlberg\/wp-json\/wp\/v2\/posts\/11930","targetHints":{"allow":["GET"]}}],"collection":[{"href":"https:\/\/alpenlaendische.at\/vorarlberg\/wp-json\/wp\/v2\/posts"}],"about":[{"href":"https:\/\/alpenlaendische.at\/vorarlberg\/wp-json\/wp\/v2\/types\/post"}],"author":[{"embeddable":true,"href":"https:\/\/alpenlaendische.at\/vorarlberg\/wp-json\/wp\/v2\/users\/8"}],"replies":[{"embeddable":true,"href":"https:\/\/alpenlaendische.at\/vorarlberg\/wp-json\/wp\/v2\/comments?post=11930"}],"version-history":[{"count":3,"href":"https:\/\/alpenlaendische.at\/vorarlberg\/wp-json\/wp\/v2\/posts\/11930\/revisions"}],"predecessor-version":[{"id":11963,"href":"https:\/\/alpenlaendische.at\/vorarlberg\/wp-json\/wp\/v2\/posts\/11930\/revisions\/11963"}],"wp:featuredmedia":[{"embeddable":true,"href":"https:\/\/alpenlaendische.at\/vorarlberg\/wp-json\/wp\/v2\/media\/11933"}],"wp:attachment":[{"href":"https:\/\/alpenlaendische.at\/vorarlberg\/wp-json\/wp\/v2\/media?parent=11930"}],"wp:term":[{"taxonomy":"category","embeddable":true,"href":"https:\/\/alpenlaendische.at\/vorarlberg\/wp-json\/wp\/v2\/categories?post=11930"},{"taxonomy":"post_tag","embeddable":true,"href":"https:\/\/alpenlaendische.at\/vorarlberg\/wp-json\/wp\/v2\/tags?post=11930"}],"curies":[{"name":"wp","href":"https:\/\/api.w.org\/{rel}","templated":true}]}}