{"id":12097,"date":"2025-10-14T10:28:55","date_gmt":"2025-10-14T08:28:55","guid":{"rendered":"https:\/\/alpenlaendische.at\/vorarlberg\/?p=12097"},"modified":"2025-10-24T08:21:26","modified_gmt":"2025-10-24T06:21:26","slug":"das-wohnbauprojekt-in-lustenau-nimmt-formen-an","status":"publish","type":"post","link":"https:\/\/alpenlaendische.at\/vorarlberg\/das-wohnbauprojekt-in-lustenau-nimmt-formen-an\/","title":{"rendered":"Das Wohnbauprojekt in Lustenau nimmt Formen an"},"content":{"rendered":"\n<p>In Lustenau entstehen bis Oktober 2026 drei moderne Wohnh\u00e4user mit insgesamt 3  F\u00fcnfzimmerwohnungen, 6 Vierzimmerwohnungen, 10 Dreizimmerwohnungen und 12 Zweizimmerwohnungen, allesamt hochwertig ausgestattet und jeweils mit Balkon oder Terrasse sowie eigenem Kellerabteil best\u00fcckt. Die Wohnanlage \u00fcberzeugt zudem mit einem Gemeinschaftsraum, einer Tiefgarage, 14 Abstellpl\u00e4tzen im Freien, Aufz\u00fcgen und kurzen Erschlie\u00dfungswegen. Die nachhaltige Energieversorgung durch Sole\/Wasser-W\u00e4rmepumpen, Photovoltaikanlagen auf den Flachd\u00e4chern und moderne L\u00fcftungssysteme wird f\u00fcr h\u00f6chsten Wohnkomfort sorgen. Der Heizw\u00e4rmebedarf liegt je nach Geb\u00e4ude um die 28 kWh\/m\u00b2a.<\/p>\n\n\n\n<p>Alle Anwesenden freuten sich \u00fcber die rasch voranschreitenden Arbeiten, die bisher unfallfrei \u00fcber die B\u00fchne gegangen sind und brachten ihre Dankbarkeit gegen\u00fcber den ausf\u00fchrenden Firmen f\u00fcr deren professionelle Arbeit zum Ausdruck.&nbsp;<\/p>\n\n\n\n<p><strong>Stimmen anl\u00e4sslich der Firstfeier:<\/strong><\/p>\n\n\n\n<p><em>Markus Allg\u00e4uer, Gesch\u00e4ftsstellenleiter der Alpenl\u00e4ndischen, bedankte sich bei den beteiligten Firmen f\u00fcr die gute Umsetzung: \u201eEs ist immer wieder ein sch\u00f6nes Gef\u00fchl zu beobachten, wie ein neues Projekt im Team entsteht und alle Beteiligten so gut zusammenarbeiten.&nbsp;<\/em><em>Ich w\u00fcnsche allen einen guten, erfolgreichen weiteren Bauverlauf.\u201c&nbsp;<\/em><em><\/em><\/p>\n\n\n\n<p><em>\u201eEnergetisch erf\u00fcllt die Anlage h\u00f6chste Anspr\u00fcche: Wir haben eine Sole\/Wasser-W\u00e4rmepumpe mit zentraler L\u00fcftung samt W\u00e4rmer\u00fcckgewinnung, eine Photovoltaikanlage sowie Fu\u00dfbodenheizung eingebaut. Damit liegt der Heizw\u00e4rmebedarf bei nur 28 kWh\/m\u00b2a. Wir sind sehr stolz darauf, f\u00fcr und gemeinsam mit der Alpenl\u00e4ndischen leistbaren und zugleich energieeffizienten Wohnraum zu schaffen \u2013 ein Mehrwert f\u00fcr die k\u00fcnftigen Bewohnerinnen und Bewohner ebenso wie f\u00fcr die Gemeinde Lustenau\u201c, so GU Bauleiter Franz Sutterl\u00fcty von der Rhomberg Bau GmbH.<\/em><\/p>\n","protected":false},"excerpt":{"rendered":"<p>Die Firstfeier f\u00fcr die neue Wohnanlage aus drei Bauk\u00f6rpern in Lustenau konnte am Mittwoch, den 1. Oktober 2025 im Beisein zahlreicher Beteiligter begangen werden. Das Projekt in Massivbauweise umfasst 31 Mietwohnungen, einen Gemeinschaftsraum und eine Tiefgarage. Das energieeffiziente Projekt wird voraussichtlich im Oktober 2026 \u00fcbergeben.<\/p>\n","protected":false},"author":8,"featured_media":12118,"comment_status":"closed","ping_status":"closed","sticky":false,"template":"","format":"standard","meta":{"_acf_changed":false,"footnotes":""},"categories":[1],"tags":[],"class_list":["post-12097","post","type-post","status-publish","format-standard","has-post-thumbnail","hentry","category-allgemein","projektereignis-firstfeier"],"acf":[],"_links":{"self":[{"href":"https:\/\/alpenlaendische.at\/vorarlberg\/wp-json\/wp\/v2\/posts\/12097","targetHints":{"allow":["GET"]}}],"collection":[{"href":"https:\/\/alpenlaendische.at\/vorarlberg\/wp-json\/wp\/v2\/posts"}],"about":[{"href":"https:\/\/alpenlaendische.at\/vorarlberg\/wp-json\/wp\/v2\/types\/post"}],"author":[{"embeddable":true,"href":"https:\/\/alpenlaendische.at\/vorarlberg\/wp-json\/wp\/v2\/users\/8"}],"replies":[{"embeddable":true,"href":"https:\/\/alpenlaendische.at\/vorarlberg\/wp-json\/wp\/v2\/comments?post=12097"}],"version-history":[{"count":4,"href":"https:\/\/alpenlaendische.at\/vorarlberg\/wp-json\/wp\/v2\/posts\/12097\/revisions"}],"predecessor-version":[{"id":12143,"href":"https:\/\/alpenlaendische.at\/vorarlberg\/wp-json\/wp\/v2\/posts\/12097\/revisions\/12143"}],"wp:featuredmedia":[{"embeddable":true,"href":"https:\/\/alpenlaendische.at\/vorarlberg\/wp-json\/wp\/v2\/media\/12118"}],"wp:attachment":[{"href":"https:\/\/alpenlaendische.at\/vorarlberg\/wp-json\/wp\/v2\/media?parent=12097"}],"wp:term":[{"taxonomy":"category","embeddable":true,"href":"https:\/\/alpenlaendische.at\/vorarlberg\/wp-json\/wp\/v2\/categories?post=12097"},{"taxonomy":"post_tag","embeddable":true,"href":"https:\/\/alpenlaendische.at\/vorarlberg\/wp-json\/wp\/v2\/tags?post=12097"}],"curies":[{"name":"wp","href":"https:\/\/api.w.org\/{rel}","templated":true}]}}