{"id":12328,"date":"2025-11-20T20:03:15","date_gmt":"2025-11-20T19:03:15","guid":{"rendered":"https:\/\/alpenlaendische.at\/vorarlberg\/?p=12328"},"modified":"2025-11-21T10:04:41","modified_gmt":"2025-11-21T09:04:41","slug":"uebergabe-der-neuen-wohnanlage-in-altenstadt","status":"publish","type":"post","link":"https:\/\/alpenlaendische.at\/vorarlberg\/uebergabe-der-neuen-wohnanlage-in-altenstadt\/","title":{"rendered":"\u00dcbergabe der neuen Wohnanlage in Altenstadt"},"content":{"rendered":"\n<p>Alle Wohnungen verf\u00fcgen \u00fcber gro\u00dfz\u00fcgige Balkone, Abstellr\u00e4ume und Unterstellpl\u00e4tze. Erg\u00e4nzend Das neue Ensemble bietet hochwertig ausgef\u00fchrte Mietwohnungen in unterschiedlichen Gr\u00f6\u00dfen, davon 5 Vierzimmer-, 2 Dreizimmer- sowie 6 Zweizimmerwohnungen und \u00fcberzeugt durch durchdachte Grundrisse, hochwertige Materialien und ein ruhiges, komfortables Wohnambiente f\u00fcr alle Generationen. Jede Wohnung verf\u00fcgt \u00fcber eine Terrasse oder einen Balkon sowie ein eigenes Kellerabteil. Erg\u00e4nzt wird das Angebot durch 13 Tiefgaragenpl\u00e4tze und 5 Besucherparkpl\u00e4tze im Freien. Ein sch\u00f6ner Spielplatz und gemeinschaftlich nutzbare Nebenr\u00e4ume sorgen f\u00fcr zus\u00e4tzlichen Komfort und hohe Lebensqualit\u00e4t.<\/p>\n\n\n\n<p>Das Geb\u00e4ude wurde in Massivbauweise errichtet, wobei die Tiefgarage aus WU-Stahlbeton und die W\u00e4nde der Obergescho\u00dfe aus gebranntem Ziegel ausgef\u00fchrt wurden. Die moderne Fassade aus W\u00e4rmed\u00e4mmverbundsystem mit Au\u00dfenputz und Holzlattenelementen ummantelt das Bauwerk, Holzfenster unterstreichen den nachhaltigen Charakter des Projekts. Die Erschlie\u00dfung erfolgt \u00fcber ein innenliegendes Stiegenhaus mit Aufzug, das barrierefreie Zug\u00e4nge gew\u00e4hrleistet.<\/p>\n\n\n\n<p>Die Verkehrsanbindung ist hervorragend: Der Bahnhof Altenstadt und Bushaltestellen befinden sich in unmittelbarer N\u00e4he, auch die A14-Anschlussstelle Feldkirch-Nord ist rasch erreichbar.<br>Dar\u00fcber hinaus besticht die Lage durch ihre N\u00e4he zur Natur: Gr\u00fcnfl\u00e4chen, Spazierwege und der Illuferweg laden zu Bewegung und Entspannung ein. Freizeit- und Sportangebote, Einkaufsm\u00f6glichkeiten, Schulen und Kinderg\u00e4rten sind sowohl im Stadtteil Altenstadt als auch im nahegelegenen Zentrum von Feldkirch bestens erreichbar.<\/p>\n\n\n\n<p>Die Energieversorgung der Wohnanlage erfolgt \u00fcber eine Luft-W\u00e4rmepumpe in Kombination mit einer Photovoltaikanlage. Der erzeugte PV-Strom versorgt dabei direkt die zentrale W\u00e4rmequelle. Eine zentrale L\u00fcftungsanlage auf dem obersten Flachdach sorgt f\u00fcr frische Luft und hohen Wohnkomfort. Die Beheizung erfolgt \u00fcber eine behagliche Fu\u00dfbodenheizung, der Heizw\u00e4rmebedarf (HWB) liegt bei rund 24 kWh\/m\u00b2a.<\/p>\n\n\n<div class=\"wp-block-image is-style-rounded\">\n<figure class=\"alignright size-full is-resized\"><img loading=\"lazy\" decoding=\"async\" width=\"178\" height=\"178\" src=\"https:\/\/alpenlaendische.at\/vorarlberg\/wp-content\/uploads\/sites\/15\/V199_Feierliche_BGM.png\" alt=\"\" class=\"wp-image-12337\" style=\"object-fit:cover;width:178px;height:178px\" srcset=\"https:\/\/alpenlaendische.at\/vorarlberg\/wp-content\/uploads\/sites\/15\/V199_Feierliche_BGM.png 178w, https:\/\/alpenlaendische.at\/vorarlberg\/wp-content\/uploads\/sites\/15\/V199_Feierliche_BGM-150x150.png 150w\" sizes=\"auto, (max-width: 178px) 100vw, 178px\" \/><figcaption class=\"wp-element-caption\"><strong>Johannes Schelling<\/strong><br>Ortsvorsteher<\/figcaption><\/figure>\n<\/div>\n\n\n<p class=\"wp-container-content-d8344436\"><em>\u201eLeistbares Wohnen ist ein zentraler Baustein f\u00fcr soziale Sicherheit und Lebensqualit\u00e4t in unserer Stadt. Mit der neuen Wohnanlage in der Lehenhofstra\u00dfe erhalten B\u00fcrgerinnen und B\u00fcrger nicht nur ein modernes Zuhause, sondern auch die M\u00f6glichkeit, ihr Leben langfristig und in einem sch\u00f6nen Umfeld zu planen.\u201c<\/em><\/p>\n\n\n\n<div style=\"height:10px\" aria-hidden=\"true\" class=\"wp-block-spacer\"><\/div>\n\n\n<div class=\"wp-block-image is-style-rounded\">\n<figure class=\"alignleft size-full is-resized wp-container-content-9cfa9a5a\"><img loading=\"lazy\" decoding=\"async\" width=\"178\" height=\"178\" src=\"https:\/\/alpenlaendische.at\/vorarlberg\/wp-content\/uploads\/sites\/15\/V199_Feierliche_Markus-1.png\" alt=\"\" class=\"wp-image-12364\" style=\"object-fit:cover;width:178px;height:178px\" srcset=\"https:\/\/alpenlaendische.at\/vorarlberg\/wp-content\/uploads\/sites\/15\/V199_Feierliche_Markus-1.png 178w, https:\/\/alpenlaendische.at\/vorarlberg\/wp-content\/uploads\/sites\/15\/V199_Feierliche_Markus-1-150x150.png 150w\" sizes=\"auto, (max-width: 178px) 100vw, 178px\" \/><\/figure>\n<\/div>\n\n\n<p class=\"has-text-align-left\"><strong>Markus Allg\u00e4uer<\/strong>, Gesch\u00e4ftsstellenleiter der Alpenl\u00e4ndischen, bedankte sich mit den Worten:<em> \u201eAnl\u00e4sslich des heutigen erfreulichen Anlasses m\u00f6chte ich allen herzlich danken, die mit ihrem engagierten Einsatz zum Erfolg dieses Projekts beigetragen haben. Mein Dank gilt ebenso der Gemeinde f\u00fcr das entgegengebrachte Vertrauen und die ausgezeichnete Zusammenarbeit. Den neuen Bewohnerinnen und Bewohnern w\u00fcnsche ich, dass sie in dieser wunderbaren Umgebung ein Zuhause finden, das ihnen Freude und ein Gef\u00fchl der Geborgenheit vermittelt.\u201c<\/em><\/p>\n\n\n<div class=\"wp-block-image is-style-rounded\">\n<figure class=\"alignright size-full is-resized\"><img loading=\"lazy\" decoding=\"async\" width=\"303\" height=\"178\" src=\"https:\/\/alpenlaendische.at\/vorarlberg\/wp-content\/uploads\/sites\/15\/V199_Feierliche_Bewohnerzitat.png\" alt=\"\" class=\"wp-image-12336\" style=\"width:308px;height:auto\" srcset=\"https:\/\/alpenlaendische.at\/vorarlberg\/wp-content\/uploads\/sites\/15\/V199_Feierliche_Bewohnerzitat.png 303w, https:\/\/alpenlaendische.at\/vorarlberg\/wp-content\/uploads\/sites\/15\/V199_Feierliche_Bewohnerzitat-300x176.png 300w\" sizes=\"auto, (max-width: 303px) 100vw, 303px\" \/><figcaption class=\"wp-element-caption\">           <strong>Familie Willeit-Mandefro<\/strong><\/figcaption><\/figure>\n<\/div>\n\n\n<p class=\"has-text-align-left\"><em><em>&#8222;Wir freuen uns auf die Wohnung und vor allem auf mehr Platz &#8211; wir ziehen von einer Zwei- in eine Vierzimmerwohnung und k\u00f6nnen es kaum erwarten.&#8220;<\/em><\/em><\/p>\n","protected":false},"excerpt":{"rendered":"<p>Am Dienstag, den 18. November 2025, erfolgte die feierliche \u00dcbergabe einer kleinen Wohnanlage in Altenstadt, einem beliebten Ortsteil von Feldkirch, im Ratssaal der Stadt Feldkirch. Im Rahmen des Projektes entstanden 13 attraktive Mietwohnungen samt Tiefgarage.<\/p>\n","protected":false},"author":8,"featured_media":12338,"comment_status":"closed","ping_status":"closed","sticky":false,"template":"","format":"standard","meta":{"_acf_changed":false,"footnotes":""},"categories":[1],"tags":[],"class_list":["post-12328","post","type-post","status-publish","format-standard","has-post-thumbnail","hentry","category-allgemein","projektereignis-schluesseluebergabe"],"acf":[],"_links":{"self":[{"href":"https:\/\/alpenlaendische.at\/vorarlberg\/wp-json\/wp\/v2\/posts\/12328","targetHints":{"allow":["GET"]}}],"collection":[{"href":"https:\/\/alpenlaendische.at\/vorarlberg\/wp-json\/wp\/v2\/posts"}],"about":[{"href":"https:\/\/alpenlaendische.at\/vorarlberg\/wp-json\/wp\/v2\/types\/post"}],"author":[{"embeddable":true,"href":"https:\/\/alpenlaendische.at\/vorarlberg\/wp-json\/wp\/v2\/users\/8"}],"replies":[{"embeddable":true,"href":"https:\/\/alpenlaendische.at\/vorarlberg\/wp-json\/wp\/v2\/comments?post=12328"}],"version-history":[{"count":4,"href":"https:\/\/alpenlaendische.at\/vorarlberg\/wp-json\/wp\/v2\/posts\/12328\/revisions"}],"predecessor-version":[{"id":12388,"href":"https:\/\/alpenlaendische.at\/vorarlberg\/wp-json\/wp\/v2\/posts\/12328\/revisions\/12388"}],"wp:featuredmedia":[{"embeddable":true,"href":"https:\/\/alpenlaendische.at\/vorarlberg\/wp-json\/wp\/v2\/media\/12338"}],"wp:attachment":[{"href":"https:\/\/alpenlaendische.at\/vorarlberg\/wp-json\/wp\/v2\/media?parent=12328"}],"wp:term":[{"taxonomy":"category","embeddable":true,"href":"https:\/\/alpenlaendische.at\/vorarlberg\/wp-json\/wp\/v2\/categories?post=12328"},{"taxonomy":"post_tag","embeddable":true,"href":"https:\/\/alpenlaendische.at\/vorarlberg\/wp-json\/wp\/v2\/tags?post=12328"}],"curies":[{"name":"wp","href":"https:\/\/api.w.org\/{rel}","templated":true}]}}