{"id":12620,"date":"2026-03-10T13:56:16","date_gmt":"2026-03-10T12:56:16","guid":{"rendered":"https:\/\/alpenlaendische.at\/vorarlberg\/?p=12620"},"modified":"2026-03-10T14:00:42","modified_gmt":"2026-03-10T13:00:42","slug":"auf-der-baustelle-in-frastanz-durfte-gefeiert-werden","status":"publish","type":"post","link":"https:\/\/alpenlaendische.at\/vorarlberg\/auf-der-baustelle-in-frastanz-durfte-gefeiert-werden\/","title":{"rendered":"Auf der Baustelle in Frastanz durfte gefeiert werden"},"content":{"rendered":"\n<p>Mit diesem Projekt entstehen insgesamt 15 freundlich und funktional gestaltete, integrative Wohneinheiten in zwei Bauk\u00f6rpern, die durch ihre zeitgem\u00e4\u00dfe Architektur \u00fcberzeugen. Alle Wohnungen verf\u00fcgen \u00fcber gro\u00dfz\u00fcgige Balkone, ein Kellerabteil sowie einen Tiefgaragenstellplatz. Erg\u00e4nzt wird das Angebot durch E-Ladestationen, gemeinschaftliche Gr\u00fcnfl\u00e4chen und einen Kinderspielplatz f\u00fcr die zuk\u00fcnftigen Bewohnerinnen und Bewohner.<\/p>\n\n\n\n<p>Das Geb\u00e4ude wird in nachhaltiger Hybridbauweise errichtet: W\u00e4hrend die Tiefgarage in Massivbauweise ausgef\u00fchrt wird, entstehen die Obergeschosse in Stahlbetonskelettbauweise mit vorgefertigten Holzw\u00e4nden und einer Fassade aus vorgegrautem Holz.<\/p>\n\n\n\n<p>Ein energieeffizientes Haustechnikkonzept mit Luft-W\u00e4rmepumpe, kontrollierter Be- und Entl\u00fcftung sowie Photovoltaikanlage sorgt f\u00fcr nachhaltigen Wohnkomfort.<\/p>\n\n\n\n<p>Bei der Firstfeier zeigte sich, wie gut das Projekt voranschreitet. Dieser Baufortschritt ist vor allem der hervorragenden Zusammenarbeit aller Projektbeteiligten zu verdanken, denen an dieser Stelle ein besonderer Dank gilt.<\/p>\n\n\n\n<p><\/p>\n\n\n<div class=\"wp-block-image is-style-rounded\">\n<figure class=\"alignright size-large is-resized\"><img loading=\"lazy\" decoding=\"async\" width=\"1024\" height=\"683\" src=\"https:\/\/alpenlaendische.at\/vorarlberg\/wp-content\/uploads\/sites\/15\/8-V220-Frastanz-Firstfeier-8-von-50-1024x683.jpg\" alt=\"\" class=\"wp-image-12619\" style=\"object-fit:cover;width:178px;height:178px\" srcset=\"https:\/\/alpenlaendische.at\/vorarlberg\/wp-content\/uploads\/sites\/15\/8-V220-Frastanz-Firstfeier-8-von-50-1024x683.jpg 1024w, https:\/\/alpenlaendische.at\/vorarlberg\/wp-content\/uploads\/sites\/15\/8-V220-Frastanz-Firstfeier-8-von-50-300x200.jpg 300w, https:\/\/alpenlaendische.at\/vorarlberg\/wp-content\/uploads\/sites\/15\/8-V220-Frastanz-Firstfeier-8-von-50-768x512.jpg 768w, https:\/\/alpenlaendische.at\/vorarlberg\/wp-content\/uploads\/sites\/15\/8-V220-Frastanz-Firstfeier-8-von-50-1536x1024.jpg 1536w, https:\/\/alpenlaendische.at\/vorarlberg\/wp-content\/uploads\/sites\/15\/8-V220-Frastanz-Firstfeier-8-von-50.jpg 1920w\" sizes=\"auto, (max-width: 1024px) 100vw, 1024px\" \/><figcaption class=\"wp-element-caption\"><strong>J\u00fcrgen Gugele<\/strong><br>Projekt und Bauleiter<strong> <\/strong><br>GU Dobler Hochbau GmbH<\/figcaption><\/figure>\n<\/div>\n\n\n<p>\u201e<em>Mit der Firstfeier erreichen wir einen sichtbaren Meilenstein, doch unser Anspruch als Generalunternehmer geht weiter: Wir schaffen nicht nur Bauwerke, sondern nachhaltige Lebensr\u00e4ume. Ein besonderer Dank gilt allen ausf\u00fchrenden Firmen, deren Engagement, Expertise und Leidenschaft diesen Fortschritt m\u00f6glich gemacht haben. Gemeinsam entsteht hier ein Ort, der<\/em><em>Sicherheit, Gemeinschaft und Zukunft verbindet<\/em>.&#8220;<\/p>\n\n\n\n<p><\/p>\n","protected":false},"excerpt":{"rendered":"<p>Am Donnerstag, den 05. M\u00e4rz 2026, ging die feierliche Firstfeier f\u00fcr das Wohnbauprojekt in der Marktgemeinde Frastanz \u00fcber die B\u00fchne. Gemeinsam mit Projektbeteiligten und Vertretern der Gemeinde wurde der Baufortschritt f\u00fcr die neue Wohnanlage in Hybridbauweise gew\u00fcrdigt. Die Fertigstellung des Projektes, bei dem moderner Wohnkomfort auf nachhaltige Holzbauweise trifft, ist f\u00fcr November 2026 geplant.<\/p>\n","protected":false},"author":8,"featured_media":12601,"comment_status":"closed","ping_status":"closed","sticky":false,"template":"","format":"standard","meta":{"_acf_changed":false,"footnotes":""},"categories":[1],"tags":[],"class_list":["post-12620","post","type-post","status-publish","format-standard","has-post-thumbnail","hentry","category-allgemein","projektereignis-firstfeier"],"acf":[],"_links":{"self":[{"href":"https:\/\/alpenlaendische.at\/vorarlberg\/wp-json\/wp\/v2\/posts\/12620","targetHints":{"allow":["GET"]}}],"collection":[{"href":"https:\/\/alpenlaendische.at\/vorarlberg\/wp-json\/wp\/v2\/posts"}],"about":[{"href":"https:\/\/alpenlaendische.at\/vorarlberg\/wp-json\/wp\/v2\/types\/post"}],"author":[{"embeddable":true,"href":"https:\/\/alpenlaendische.at\/vorarlberg\/wp-json\/wp\/v2\/users\/8"}],"replies":[{"embeddable":true,"href":"https:\/\/alpenlaendische.at\/vorarlberg\/wp-json\/wp\/v2\/comments?post=12620"}],"version-history":[{"count":4,"href":"https:\/\/alpenlaendische.at\/vorarlberg\/wp-json\/wp\/v2\/posts\/12620\/revisions"}],"predecessor-version":[{"id":12624,"href":"https:\/\/alpenlaendische.at\/vorarlberg\/wp-json\/wp\/v2\/posts\/12620\/revisions\/12624"}],"wp:featuredmedia":[{"embeddable":true,"href":"https:\/\/alpenlaendische.at\/vorarlberg\/wp-json\/wp\/v2\/media\/12601"}],"wp:attachment":[{"href":"https:\/\/alpenlaendische.at\/vorarlberg\/wp-json\/wp\/v2\/media?parent=12620"}],"wp:term":[{"taxonomy":"category","embeddable":true,"href":"https:\/\/alpenlaendische.at\/vorarlberg\/wp-json\/wp\/v2\/categories?post=12620"},{"taxonomy":"post_tag","embeddable":true,"href":"https:\/\/alpenlaendische.at\/vorarlberg\/wp-json\/wp\/v2\/tags?post=12620"}],"curies":[{"name":"wp","href":"https:\/\/api.w.org\/{rel}","templated":true}]}}