{"id":12704,"date":"2026-04-08T15:11:47","date_gmt":"2026-04-08T13:11:47","guid":{"rendered":"https:\/\/alpenlaendische.at\/vorarlberg\/?p=12704"},"modified":"2026-04-14T15:30:32","modified_gmt":"2026-04-14T13:30:32","slug":"spatenstich-fuer-den-ersten-wohnbau-der-alpenlaendischen-in-tschagguns","status":"publish","type":"post","link":"https:\/\/alpenlaendische.at\/vorarlberg\/spatenstich-fuer-den-ersten-wohnbau-der-alpenlaendischen-in-tschagguns\/","title":{"rendered":"Spatenstich f\u00fcr den ersten Wohnbau der Alpenl\u00e4ndischen in Tschagguns"},"content":{"rendered":"\n<p>Es entstehen attraktive, integrative Mietwohnungen unterschiedlicher Gr\u00f6\u00dfe, welchen jeweils ein Balkon sowie ein Kellerabteil zugeordnet werden. Die beiden Bauk\u00f6rper mit gemeinsamer Tiefgarage werden zentral \u00fcber einen Erschlie\u00dfungskern mit Stiegenhaus und Aufzug erschlossen, wobei die Anbindung von Haus B \u00fcber einen Verbindungssteg funktioniert.<\/p>\n\n\n\n<p>Die klare Struktur der Anlage sorgt f\u00fcr kurze Wege und eine hohe Funktionalit\u00e4t. Durchdachte Grundrisse, zentral organisierte Nebenr\u00e4ume sowie die hochwertige Bauweise unterstreichen den architektonischen Anspruch. So entsteht moderner energieeffizienter Wohnraum, der Nachhaltigkeit und Lebensqualit\u00e4t vereint. Die Konstruktion kombiniert Stahlbeton im Untergescho\u00df und Treppenhaus mit einer Ausf\u00fchrung der tragenden Innen- und Au\u00dfenw\u00e4nde als Holzst\u00e4nderw\u00e4nde sowie Gescho\u00dfdecken aus Brettsperrholz. Die Fassade wird in vorvergrauter Fichte ausgef\u00fchrt.<\/p>\n\n\n\n<p>Eine zukunftsorientierte Energieversorgung mittels Sole-W\u00e4rmepumpe mit Erdsonden in Kombination mit einer Photovoltaikanlage gew\u00e4hrleistet einen nachhaltigen und effizienten Betrieb. Die Fu\u00dfbodenheizung und kontrollierte Wohnrauml\u00fcftung mit W\u00e4rmer\u00fcckgewinnung bieten hohen Wohnkomfort und ein angenehmes Raumklima. Der HWB liegt bei ca. 31,59 kWh\/m\u00b2a (Haus A) und ca. 34,20 kWh\/m\u00b2a (Haus B).<\/p>\n\n\n\n<p><\/p>\n\n\n<div class=\"wp-block-image is-style-rounded\">\n<figure class=\"alignleft size-full is-resized\"><img loading=\"lazy\" decoding=\"async\" width=\"178\" height=\"178\" src=\"https:\/\/alpenlaendische.at\/vorarlberg\/wp-content\/uploads\/sites\/15\/BMG.jpg\" alt=\"\" class=\"wp-image-12707\" style=\"object-fit:cover;width:178px;height:178px\" srcset=\"https:\/\/alpenlaendische.at\/vorarlberg\/wp-content\/uploads\/sites\/15\/BMG.jpg 178w, https:\/\/alpenlaendische.at\/vorarlberg\/wp-content\/uploads\/sites\/15\/BMG-150x150.jpg 150w\" sizes=\"auto, (max-width: 178px) 100vw, 178px\" \/><figcaption class=\"wp-element-caption\"><strong>Gerhard Vonier<\/strong><br>B\u00fcrgermeister <\/figcaption><\/figure>\n<\/div>\n\n\n<p><em>\u201eMit diesem Projekt entsteht in Tschagguns wichtiger gemeinn\u00fctziger Wohnraum, der speziell f\u00fcr unsere Bev\u00f6lkerung leistbares und qualit\u00e4tvolles Wohnen erm\u00f6glicht. Gemeinsam mit der Alpenl\u00e4ndischen schaffen wir hier ein zukunftsorientiertes Angebot, das Nachhaltigkeit, standorttypische Architektur und soziale Verantwortung vereint. Damit setzen wir ein starkes Zeichen f\u00fcr die positive Weiterentwicklung unserer Gemeinde<em>.\u201c<\/em> <\/em><br><br><\/p>\n\n\n\n<p><\/p>\n\n\n\n<p><\/p>\n\n\n<div class=\"wp-block-image is-style-rounded\">\n<figure class=\"alignright size-full is-resized\"><img loading=\"lazy\" decoding=\"async\" width=\"178\" height=\"178\" src=\"https:\/\/alpenlaendische.at\/vorarlberg\/wp-content\/uploads\/sites\/15\/ARCH.jpg\" alt=\"\" class=\"wp-image-12708\" style=\"object-fit:cover;width:178px;height:178px\" srcset=\"https:\/\/alpenlaendische.at\/vorarlberg\/wp-content\/uploads\/sites\/15\/ARCH.jpg 178w, https:\/\/alpenlaendische.at\/vorarlberg\/wp-content\/uploads\/sites\/15\/ARCH-150x150.jpg 150w\" sizes=\"auto, (max-width: 178px) 100vw, 178px\" \/><figcaption class=\"wp-element-caption\"><strong>Arch. DI. Wolf Dieter Schwarz <\/strong><br>Architekt<\/figcaption><\/figure>\n<\/div>\n\n\n<p><em><em>\u201eDas Projekt reagiert gut auf die vorgefundenen, st\u00e4dtebaulichen Parameter, die vorgeschlagenen Kubaturen der beiden Hauptbauk\u00f6rper sind im Ortsraum gut vertretbar. Ich darf in diesem Zusammenhang auf die beispielhafte Zusammenarbeit aller Entscheidungstr\u00e4ger hinweisen, welche mit konstruktivem Gestaltungswillen und dem Blick auf die heute im gef\u00f6rderten Wohnbau notwendigen Rahmenbedingungen eine attraktive und wirtschaftlich durchsetzbare L\u00f6sung mitgetragen haben.\u201c<\/em> <\/em><br><br><\/p>\n\n\n<div class=\"wp-block-image is-style-rounded\">\n<figure class=\"alignleft size-full is-resized\"><img loading=\"lazy\" decoding=\"async\" width=\"451\" height=\"451\" src=\"https:\/\/alpenlaendische.at\/vorarlberg\/wp-content\/uploads\/sites\/15\/teamfoto-markus-allgaeuer-e1715846625681.webp\" alt=\"\" class=\"wp-image-10911\" style=\"object-fit:cover;width:178px;height:178px\" srcset=\"https:\/\/alpenlaendische.at\/vorarlberg\/wp-content\/uploads\/sites\/15\/teamfoto-markus-allgaeuer-e1715846625681.webp 451w, https:\/\/alpenlaendische.at\/vorarlberg\/wp-content\/uploads\/sites\/15\/teamfoto-markus-allgaeuer-e1715846625681-300x300.webp 300w, https:\/\/alpenlaendische.at\/vorarlberg\/wp-content\/uploads\/sites\/15\/teamfoto-markus-allgaeuer-e1715846625681-150x150.webp 150w\" sizes=\"auto, (max-width: 451px) 100vw, 451px\" \/><figcaption class=\"wp-element-caption\"><strong>Markus Allg\u00e4uer<br><\/strong>Prok. Alpenl\u00e4ndische<\/figcaption><\/figure>\n<\/div>\n\n\n<p><em>\u201eIch freue mich sehr \u00fcber unser erstes Projekt in Tschagguns, mit dem wieder vielen Menschen ein angenehmes, sparsames Wohnen erm\u00f6glichen wird. Ich w\u00fcnsche allen Beteiligten einen guten, erfolgreichen weiteren Bauverlauf.\u201c<\/em><\/p>\n","protected":false},"excerpt":{"rendered":"<p>Am Mittwoch, den 8. April 2026, erfolgte der feierliche Spatenstich f\u00fcr eine moderne Wohnanlage auf einem sch\u00f6n gelegenen Hanggrundst\u00fcck in Tschagguns. Hier entsteht Raum f\u00fcr zeitgem\u00e4\u00dfes Wohnen in nachhaltiger Architektur mit h\u00f6chst effizienter Energieversorgung. Der Baustart der zwei Bauk\u00f6rper in Hybridbauweise mit 21 Wohneinheiten, 21 Tiefgaragenpl\u00e4tzen und 5 Besucherparkpl\u00e4tzen fand bereits im M\u00e4rz 2026 statt, die Fertigstellung des Projektes ist f\u00fcr Ende 2027 geplant.<\/p>\n","protected":false},"author":8,"featured_media":12690,"comment_status":"closed","ping_status":"closed","sticky":false,"template":"","format":"standard","meta":{"_acf_changed":false,"footnotes":""},"categories":[1],"tags":[],"class_list":["post-12704","post","type-post","status-publish","format-standard","has-post-thumbnail","hentry","category-allgemein","projektereignis-spatenstich"],"acf":[],"_links":{"self":[{"href":"https:\/\/alpenlaendische.at\/vorarlberg\/wp-json\/wp\/v2\/posts\/12704","targetHints":{"allow":["GET"]}}],"collection":[{"href":"https:\/\/alpenlaendische.at\/vorarlberg\/wp-json\/wp\/v2\/posts"}],"about":[{"href":"https:\/\/alpenlaendische.at\/vorarlberg\/wp-json\/wp\/v2\/types\/post"}],"author":[{"embeddable":true,"href":"https:\/\/alpenlaendische.at\/vorarlberg\/wp-json\/wp\/v2\/users\/8"}],"replies":[{"embeddable":true,"href":"https:\/\/alpenlaendische.at\/vorarlberg\/wp-json\/wp\/v2\/comments?post=12704"}],"version-history":[{"count":3,"href":"https:\/\/alpenlaendische.at\/vorarlberg\/wp-json\/wp\/v2\/posts\/12704\/revisions"}],"predecessor-version":[{"id":12714,"href":"https:\/\/alpenlaendische.at\/vorarlberg\/wp-json\/wp\/v2\/posts\/12704\/revisions\/12714"}],"wp:featuredmedia":[{"embeddable":true,"href":"https:\/\/alpenlaendische.at\/vorarlberg\/wp-json\/wp\/v2\/media\/12690"}],"wp:attachment":[{"href":"https:\/\/alpenlaendische.at\/vorarlberg\/wp-json\/wp\/v2\/media?parent=12704"}],"wp:term":[{"taxonomy":"category","embeddable":true,"href":"https:\/\/alpenlaendische.at\/vorarlberg\/wp-json\/wp\/v2\/categories?post=12704"},{"taxonomy":"post_tag","embeddable":true,"href":"https:\/\/alpenlaendische.at\/vorarlberg\/wp-json\/wp\/v2\/tags?post=12704"}],"curies":[{"name":"wp","href":"https:\/\/api.w.org\/{rel}","templated":true}]}}