{"id":8411,"date":"2021-04-27T13:08:00","date_gmt":"2021-04-27T11:08:00","guid":{"rendered":"https:\/\/alpenlaendische.at\/vorarlberg\/?p=8411"},"modified":"2024-10-18T12:15:52","modified_gmt":"2024-10-18T10:15:52","slug":"leistbare-mieten-in-schoener-lage","status":"publish","type":"post","link":"https:\/\/alpenlaendische.at\/vorarlberg\/leistbare-mieten-in-schoener-lage\/","title":{"rendered":"Leistbare Mieten in sch\u00f6ner Lage"},"content":{"rendered":"\n<p>\u201eWer nach der Fertigstellung in die moderne Wohnanlage in der Ludescher Barxerstra\u00dfe einzieht, der ist gleich doppelt beg\u00fcnstigt\u201c, freute sich Alexandra Schalegg, Prokuristin von Bauherrin Alpenl\u00e4ndische\u00a0, anl\u00e4sslich der Spatenstichfeier: \u201eEr bekommt eine g\u00fcnstige Miete, und das auch noch in einer sehr\u00a0sch\u00f6nen Lage.\u201c 14 gl\u00fcckliche Parteien wird es also ab November 2022 in Ludesch geben, so viele neue, gef\u00f6rderte Wohnungen\u00a0mit Kaufoption\u00a0errichtet Generalunternehmer Rhomberg Bau bis dahin f\u00fcr die\u00a0AGW. Jetzt war der Spatenstich.<\/p>\n\n\n\n<p>An den Feierlichkeiten zum offiziellen Baustart nahmen neben Vertretern von Bauherr und Generalunternehmer auch B\u00fcrgermeister Martin Schanung, die Architekten Eveline und Reinhard Drexel sowie Erich Ignaz Frast teil, Nachbar und ehemaliger Besitzer des Grundst\u00fccks der neuen Wohnanlage. <\/p>\n\n\n\n<p>Diese entsteht auf 1.840 m<sup>2<\/sup>\u00a0Grundst\u00fccksfl\u00e4che in Massivbauweise, mit WDVS-Fassade und Flachdach. Besonderes Augenmerk legen die beteiligten Partner auf die Beheizung der Wohnr\u00e4ume, gemeinsam mit dem Energieinstitut Vorarlberg wurden vorab verschiedene Systeme analysiert, zur Anwendung wird nun eine Luftw\u00e4rmepumpe mit Wohnungsstationen\u00a0kommen. \u201eAusschlaggebend waren Anschaffungs- und Instandhaltungskosten, die bei der gew\u00e4hlten Variante am g\u00fcnstigsten sind\u201c, erl\u00e4utert Luca Lindner, verantwortlicher Bau- und Projektleiter von Rhomberg Bau. \u201eNun wird \u00fcberpr\u00fcft, ob diese Einsparungen sich auch im Einbau und sp\u00e4ter im Betrieb rechnen. So k\u00f6nnen wir den leistbaren Wohnungsbau weiter vorantreiben.\u201c<\/p>\n","protected":false},"excerpt":{"rendered":"<p>Alpenl\u00e4ndische (AGW) und Rhomberg Bau errichten Anlage mit leistbaren Mietwohnungen mit Kaufoption im Walgau.<\/p>\n","protected":false},"author":4,"featured_media":8255,"comment_status":"closed","ping_status":"closed","sticky":false,"template":"","format":"standard","meta":{"_acf_changed":false,"footnotes":""},"categories":[1],"tags":[],"class_list":["post-8411","post","type-post","status-publish","format-standard","has-post-thumbnail","hentry","category-allgemein","projektereignis-spatenstich"],"acf":[],"_links":{"self":[{"href":"https:\/\/alpenlaendische.at\/vorarlberg\/wp-json\/wp\/v2\/posts\/8411","targetHints":{"allow":["GET"]}}],"collection":[{"href":"https:\/\/alpenlaendische.at\/vorarlberg\/wp-json\/wp\/v2\/posts"}],"about":[{"href":"https:\/\/alpenlaendische.at\/vorarlberg\/wp-json\/wp\/v2\/types\/post"}],"author":[{"embeddable":true,"href":"https:\/\/alpenlaendische.at\/vorarlberg\/wp-json\/wp\/v2\/users\/4"}],"replies":[{"embeddable":true,"href":"https:\/\/alpenlaendische.at\/vorarlberg\/wp-json\/wp\/v2\/comments?post=8411"}],"version-history":[{"count":1,"href":"https:\/\/alpenlaendische.at\/vorarlberg\/wp-json\/wp\/v2\/posts\/8411\/revisions"}],"predecessor-version":[{"id":11364,"href":"https:\/\/alpenlaendische.at\/vorarlberg\/wp-json\/wp\/v2\/posts\/8411\/revisions\/11364"}],"wp:featuredmedia":[{"embeddable":true,"href":"https:\/\/alpenlaendische.at\/vorarlberg\/wp-json\/wp\/v2\/media\/8255"}],"wp:attachment":[{"href":"https:\/\/alpenlaendische.at\/vorarlberg\/wp-json\/wp\/v2\/media?parent=8411"}],"wp:term":[{"taxonomy":"category","embeddable":true,"href":"https:\/\/alpenlaendische.at\/vorarlberg\/wp-json\/wp\/v2\/categories?post=8411"},{"taxonomy":"post_tag","embeddable":true,"href":"https:\/\/alpenlaendische.at\/vorarlberg\/wp-json\/wp\/v2\/tags?post=8411"}],"curies":[{"name":"wp","href":"https:\/\/api.w.org\/{rel}","templated":true}]}}