{"id":8414,"date":"2023-02-10T13:23:56","date_gmt":"2023-02-10T12:23:56","guid":{"rendered":"https:\/\/alpenlaendische.at\/vorarlberg\/?p=8414"},"modified":"2023-02-21T11:34:42","modified_gmt":"2023-02-21T10:34:42","slug":"vorzeigeprojekt-der-alpenlaendischen","status":"publish","type":"post","link":"https:\/\/alpenlaendische.at\/vorarlberg\/vorzeigeprojekt-der-alpenlaendischen\/","title":{"rendered":"Vorzeigeprojekt der Alpenl\u00e4ndischen"},"content":{"rendered":"\n<p>Bei der \u00dcbergabe anwesend waren zahlreiche Ehreng\u00e4ste, unter ihnen Gesch\u00e4ftsstellenleiterin Alexandra Schalegg, B\u00fcrgermeister Martin Schanung sowie Architekt Reinhard Drexel.<\/p>\n\n\n\n<p><strong>Wohnqualit\u00e4t vorprogrammiert<\/strong><\/p>\n\n\n\n<p>Die Wohneinheiten teilen sich auf drei 2-Zimmer-Wohnungen, sechs 3-Zimmer-Wohnungen und f\u00fcnf 4-Zimmer-Wohnungen auf und umfassen eine Gesamt-Wohnnutzfl\u00e4che von 1.051 m\u00b2. Im Keller befindet sich eine Tiefgarage, ein Trockenraum sowie Kellerabteile f\u00fcr die einzelnen Wohnungen. Fahrr\u00e4der k\u00f6nnen im ebenerdig begehbaren Fahrradraum abgestellt werden, alternativ gibt es vor dem Haus auch \u00fcberdachte Abstellpl\u00e4tze im Freien. F\u00fcr die Bewohnerinnen und Bewohner bietet dieser Wohnort ein H\u00f6chstma\u00df an Komfort, Ruhe und Individualit\u00e4t dank der Verwendung hochwertigster Materialien und durchdachten Wohnungsgrundrissen.<\/p>\n\n\n\n<p><strong>Energiekonzept sorgt f\u00fcr Zukunftssicherheit<\/strong><\/p>\n\n\n\n<p>Neben dem Fokus auf Wohnqualit\u00e4t legte die Alpenl\u00e4ndische bei diesem Projekt einen besonderen Fokus auf effiziente und nachhaltige Energieversorgung. Das beginnt bereits bei bautechnischen Ma\u00dfnahmen, wodurch W\u00e4rmebr\u00fccken effektiv vorgebeugt und somit eine dichte Geb\u00e4udeh\u00fclle geschaffen wird. Dies f\u00fchrt zu einem besonders sparsamen Umgang mit der Heizenergie, welche von der Luftw\u00e4rmepumpe geliefert wird. Diese wiederum wird von einer Photovoltaikanlage auf dem Flachdach untertags mit Energie versorgt. Dies reduziert den Energieverbrauch der gesamten Anlage und sorgt f\u00fcr die Bewohnerinnen und Bewohner f\u00fcr deutlich geringere Energiekosten.<\/p>\n\n\n\n<p>Quelle: <a href=\"https:\/\/www.gbv-aktuell.at\/vorarlberg\/news\/1417-vorzeigeprojekt-der-alpenlaendischen\" data-type=\"URL\" data-id=\"https:\/\/www.gbv-aktuell.at\/vorarlberg\/news\/1417-vorzeigeprojekt-der-alpenlaendischen\">GBV<\/a><\/p>\n","protected":false},"excerpt":{"rendered":"<p>In Ludesch gab es k\u00fcrzlich einen guten Grund zum Feiern: Die Alpenl\u00e4ndische \u00fcbergab hier 14 Mietwohnungen mit Kaufoption an die neuen Bewohnerinnen und Bewohner. Seit April 2021 wurde flei\u00dfig gebaut und nun war es Zeit f\u00fcr die Belohnung in Form von neuem, leistbarem Wohnraum f\u00fcr die Gemeinde in Bludenz.<\/p>\n","protected":false},"author":4,"featured_media":8237,"comment_status":"closed","ping_status":"closed","sticky":false,"template":"","format":"standard","meta":{"_acf_changed":false,"footnotes":""},"categories":[1],"tags":[],"class_list":["post-8414","post","type-post","status-publish","format-standard","has-post-thumbnail","hentry","category-allgemein","projektereignis-schluesseluebergabe"],"acf":[],"_links":{"self":[{"href":"https:\/\/alpenlaendische.at\/vorarlberg\/wp-json\/wp\/v2\/posts\/8414","targetHints":{"allow":["GET"]}}],"collection":[{"href":"https:\/\/alpenlaendische.at\/vorarlberg\/wp-json\/wp\/v2\/posts"}],"about":[{"href":"https:\/\/alpenlaendische.at\/vorarlberg\/wp-json\/wp\/v2\/types\/post"}],"author":[{"embeddable":true,"href":"https:\/\/alpenlaendische.at\/vorarlberg\/wp-json\/wp\/v2\/users\/4"}],"replies":[{"embeddable":true,"href":"https:\/\/alpenlaendische.at\/vorarlberg\/wp-json\/wp\/v2\/comments?post=8414"}],"version-history":[{"count":1,"href":"https:\/\/alpenlaendische.at\/vorarlberg\/wp-json\/wp\/v2\/posts\/8414\/revisions"}],"predecessor-version":[{"id":8492,"href":"https:\/\/alpenlaendische.at\/vorarlberg\/wp-json\/wp\/v2\/posts\/8414\/revisions\/8492"}],"wp:featuredmedia":[{"embeddable":true,"href":"https:\/\/alpenlaendische.at\/vorarlberg\/wp-json\/wp\/v2\/media\/8237"}],"wp:attachment":[{"href":"https:\/\/alpenlaendische.at\/vorarlberg\/wp-json\/wp\/v2\/media?parent=8414"}],"wp:term":[{"taxonomy":"category","embeddable":true,"href":"https:\/\/alpenlaendische.at\/vorarlberg\/wp-json\/wp\/v2\/categories?post=8414"},{"taxonomy":"post_tag","embeddable":true,"href":"https:\/\/alpenlaendische.at\/vorarlberg\/wp-json\/wp\/v2\/tags?post=8414"}],"curies":[{"name":"wp","href":"https:\/\/api.w.org\/{rel}","templated":true}]}}