{"id":8491,"date":"2022-04-07T11:40:00","date_gmt":"2022-04-07T09:40:00","guid":{"rendered":"https:\/\/alpenlaendische.at\/vorarlberg\/?p=8491"},"modified":"2023-03-02T08:07:47","modified_gmt":"2023-03-02T07:07:47","slug":"baustart-in-maeder","status":"publish","type":"post","link":"https:\/\/alpenlaendische.at\/vorarlberg\/baustart-in-maeder\/","title":{"rendered":"Baustart in M\u00e4der"},"content":{"rendered":"\n<p>Die neue Wohnanlage besteht aus 2 Bauk\u00f6rpern mit 12 Wohneinheiten. Beide Geb\u00e4ude in Holzbauweise und mit Holzfassade.&nbsp; Das Mehrfamilienhaus auf Westen ausgerichtet, besteht aus einem Erdgeschoss und einem Obergeschoss mit Flachdach (Top 1 bis Top 6). Daneben,&nbsp;auf S\u00fcden ausgerichtet, die Reihenhausanlage mit zweigeschossigen Maisonettewohnungen. Diese besteht aus einem Erdgeschoss sowie zwei Obergeschossen mit einem Flachdach (Top 7 bis Top 12).<br><\/p>\n\n\n\n<p><strong>Viel Wohnkomfort, wenig Verbrauch<\/strong><\/p>\n\n\n\n<p>Top!&nbsp;Von der Firma plankraft wurde ein Energiekonzept erstellt, was zu energetischen Einsparm\u00f6glichkeiten und einer kosteng\u00fcnstig wirtschaftlichen Betriebsweise f\u00fchrt. <\/p>\n\n\n\n<p>Die zuk\u00fcnftigen Bewohner d\u00fcrfen sich auf ein tolles Gartenkonzept freuen. Gro\u00dfer Spielplatz, extensiv begr\u00fcnte Dachfl\u00e4chen, auch die Carportplatzd\u00e4cher werden begr\u00fcnt. Der Standort ist zudem optimal f\u00fcr eine Sole\/Wasser-W\u00e4rmepumpe geeignet.<\/p>\n\n\n\n<p>Die Fertigstellung ist f\u00fcr Juni 2023 geplant.<\/p>\n","protected":false},"excerpt":{"rendered":"<p>Der Spatenstich erfolgte am 05.04.2022. Im Gartenweg entstehen nach der Neubauf\u00f6rderungsrichtlinie des Landes Vorarlberg 12 Wohnungen. Davon 6 als reine Mietwohnungen und 6 als Mietwohnungen mit Kaufoption, 1 Gemeinschaftsraum, 12 PKW-Carportpl\u00e4tze und 4 PKW-Abstellpl\u00e4tze im Freien.<\/p>\n","protected":false},"author":4,"featured_media":8470,"comment_status":"closed","ping_status":"closed","sticky":false,"template":"","format":"standard","meta":{"_acf_changed":false,"footnotes":""},"categories":[1],"tags":[],"class_list":["post-8491","post","type-post","status-publish","format-standard","has-post-thumbnail","hentry","category-allgemein","projektereignis-spatenstich"],"acf":[],"_links":{"self":[{"href":"https:\/\/alpenlaendische.at\/vorarlberg\/wp-json\/wp\/v2\/posts\/8491","targetHints":{"allow":["GET"]}}],"collection":[{"href":"https:\/\/alpenlaendische.at\/vorarlberg\/wp-json\/wp\/v2\/posts"}],"about":[{"href":"https:\/\/alpenlaendische.at\/vorarlberg\/wp-json\/wp\/v2\/types\/post"}],"author":[{"embeddable":true,"href":"https:\/\/alpenlaendische.at\/vorarlberg\/wp-json\/wp\/v2\/users\/4"}],"replies":[{"embeddable":true,"href":"https:\/\/alpenlaendische.at\/vorarlberg\/wp-json\/wp\/v2\/comments?post=8491"}],"version-history":[{"count":4,"href":"https:\/\/alpenlaendische.at\/vorarlberg\/wp-json\/wp\/v2\/posts\/8491\/revisions"}],"predecessor-version":[{"id":8653,"href":"https:\/\/alpenlaendische.at\/vorarlberg\/wp-json\/wp\/v2\/posts\/8491\/revisions\/8653"}],"wp:featuredmedia":[{"embeddable":true,"href":"https:\/\/alpenlaendische.at\/vorarlberg\/wp-json\/wp\/v2\/media\/8470"}],"wp:attachment":[{"href":"https:\/\/alpenlaendische.at\/vorarlberg\/wp-json\/wp\/v2\/media?parent=8491"}],"wp:term":[{"taxonomy":"category","embeddable":true,"href":"https:\/\/alpenlaendische.at\/vorarlberg\/wp-json\/wp\/v2\/categories?post=8491"},{"taxonomy":"post_tag","embeddable":true,"href":"https:\/\/alpenlaendische.at\/vorarlberg\/wp-json\/wp\/v2\/tags?post=8491"}],"curies":[{"name":"wp","href":"https:\/\/api.w.org\/{rel}","templated":true}]}}