{"id":8638,"date":"2022-03-24T16:24:00","date_gmt":"2022-03-24T15:24:00","guid":{"rendered":"https:\/\/alpenlaendische.at\/vorarlberg\/?p=8638"},"modified":"2023-03-02T10:25:08","modified_gmt":"2023-03-02T09:25:08","slug":"spatenstich-in-lustenau-erfolgt","status":"publish","type":"post","link":"https:\/\/alpenlaendische.at\/vorarlberg\/spatenstich-in-lustenau-erfolgt\/","title":{"rendered":"Spatenstich in Lustenau erfolgt"},"content":{"rendered":"\n<p><strong>Es kann los gehen!<\/strong><\/p>\n\n\n\n<p>Bei dem Projekt handelt es sich um ein mehrgeschossiges, unterkellertes Bauvorhaben, das E+2 und E+3 Gescho\u00dfe in drei Bauk\u00f6rper in Massivbauweise umfasst. F\u00fcr die Wohnungen ist eine kontrollierte Be- und Entl\u00fcftung vorgesehen.<\/p>\n\n\n\n<p>Die Vergabe der Wohnungen &#8211; gem\u00e4\u00df den aktuellen Wohnbauf\u00f6rderungsrichtlinien &#8211; an die neuen Bewohner erfolgt ausschlie\u00dflich \u00fcber die Gemeinde Lustenau.<\/p>\n\n\n\n<p>Alle Wohnungen werden barrierefrei erschlossen. Die Fertigstellung ist f\u00fcr J\u00e4nner 2024 geplant.<\/p>\n","protected":false},"excerpt":{"rendered":"<p>Der Baustart erfolgte am 24.03.2022. In Brunnenau entstehen im Auftrag der Alpenl\u00e4ndische Gemeinn\u00fctzige Wohnbau GmbH, realisiert von I+R Wohnbau GmbH, 48 Mietwohnungen, 48 PKW-Tiefgarageneinstellpl\u00e4tze und 14 PKW-Abstellpl\u00e4tze im Freien.<\/p>\n","protected":false},"author":8,"featured_media":8640,"comment_status":"closed","ping_status":"closed","sticky":false,"template":"","format":"standard","meta":{"_acf_changed":false,"footnotes":""},"categories":[1],"tags":[],"class_list":["post-8638","post","type-post","status-publish","format-standard","has-post-thumbnail","hentry","category-allgemein","projektereignis-spatenstich"],"acf":[],"_links":{"self":[{"href":"https:\/\/alpenlaendische.at\/vorarlberg\/wp-json\/wp\/v2\/posts\/8638","targetHints":{"allow":["GET"]}}],"collection":[{"href":"https:\/\/alpenlaendische.at\/vorarlberg\/wp-json\/wp\/v2\/posts"}],"about":[{"href":"https:\/\/alpenlaendische.at\/vorarlberg\/wp-json\/wp\/v2\/types\/post"}],"author":[{"embeddable":true,"href":"https:\/\/alpenlaendische.at\/vorarlberg\/wp-json\/wp\/v2\/users\/8"}],"replies":[{"embeddable":true,"href":"https:\/\/alpenlaendische.at\/vorarlberg\/wp-json\/wp\/v2\/comments?post=8638"}],"version-history":[{"count":4,"href":"https:\/\/alpenlaendische.at\/vorarlberg\/wp-json\/wp\/v2\/posts\/8638\/revisions"}],"predecessor-version":[{"id":8675,"href":"https:\/\/alpenlaendische.at\/vorarlberg\/wp-json\/wp\/v2\/posts\/8638\/revisions\/8675"}],"wp:featuredmedia":[{"embeddable":true,"href":"https:\/\/alpenlaendische.at\/vorarlberg\/wp-json\/wp\/v2\/media\/8640"}],"wp:attachment":[{"href":"https:\/\/alpenlaendische.at\/vorarlberg\/wp-json\/wp\/v2\/media?parent=8638"}],"wp:term":[{"taxonomy":"category","embeddable":true,"href":"https:\/\/alpenlaendische.at\/vorarlberg\/wp-json\/wp\/v2\/categories?post=8638"},{"taxonomy":"post_tag","embeddable":true,"href":"https:\/\/alpenlaendische.at\/vorarlberg\/wp-json\/wp\/v2\/tags?post=8638"}],"curies":[{"name":"wp","href":"https:\/\/api.w.org\/{rel}","templated":true}]}}