{"id":8714,"date":"2021-09-28T15:34:00","date_gmt":"2021-09-28T13:34:00","guid":{"rendered":"https:\/\/alpenlaendische.at\/vorarlberg\/?p=8714"},"modified":"2023-03-07T09:12:17","modified_gmt":"2023-03-07T08:12:17","slug":"baustart-in-hohenems","status":"publish","type":"post","link":"https:\/\/alpenlaendische.at\/vorarlberg\/baustart-in-hohenems\/","title":{"rendered":"Baustart in Hohenems"},"content":{"rendered":"\n<p>Das neue Projekt besteht aus einem Geb\u00e4ude mit 11 Wohneinheiten. Die Wohnanlage ist unterkellert und verf\u00fcgt \u00fcber ein Erdgeschoss und zwei Obergeschosse in Massivbauweise mit einem bekiesten Flachdach. Die den Wohnungen zugeh\u00f6rigen Terrassen oder Balkone sind \u2013 bis auf die Tops 07 und 11 \u2013 in die Geb\u00e4udekubatur integriert. Die Balkone Top 07 und 11 ragen dabei westseitig \u00fcber die Geb\u00e4udekubatur aus und bilden hierbei die \u00dcberdachung des Fahrradunterstellplatzes beim Hauszugang.<\/p>\n\n\n\n<p><\/p>\n","protected":false},"excerpt":{"rendered":"<p>Der Spatenstich erfolgte am 28.09.2021. Im Br\u00fchl entstehen nach der Neubauf\u00f6rderungsrichtlinie des Landes Vorarlberg 11 Mietwohnungen, 11 Tiefgaragenstellpl\u00e4tze und 4 PKW-Abstellpl\u00e4tze im Freien.<\/p>\n","protected":false},"author":8,"featured_media":8709,"comment_status":"closed","ping_status":"closed","sticky":false,"template":"","format":"standard","meta":{"_acf_changed":false,"footnotes":""},"categories":[1],"tags":[],"class_list":["post-8714","post","type-post","status-publish","format-standard","has-post-thumbnail","hentry","category-allgemein","projektereignis-spatenstich"],"acf":[],"_links":{"self":[{"href":"https:\/\/alpenlaendische.at\/vorarlberg\/wp-json\/wp\/v2\/posts\/8714","targetHints":{"allow":["GET"]}}],"collection":[{"href":"https:\/\/alpenlaendische.at\/vorarlberg\/wp-json\/wp\/v2\/posts"}],"about":[{"href":"https:\/\/alpenlaendische.at\/vorarlberg\/wp-json\/wp\/v2\/types\/post"}],"author":[{"embeddable":true,"href":"https:\/\/alpenlaendische.at\/vorarlberg\/wp-json\/wp\/v2\/users\/8"}],"replies":[{"embeddable":true,"href":"https:\/\/alpenlaendische.at\/vorarlberg\/wp-json\/wp\/v2\/comments?post=8714"}],"version-history":[{"count":5,"href":"https:\/\/alpenlaendische.at\/vorarlberg\/wp-json\/wp\/v2\/posts\/8714\/revisions"}],"predecessor-version":[{"id":8755,"href":"https:\/\/alpenlaendische.at\/vorarlberg\/wp-json\/wp\/v2\/posts\/8714\/revisions\/8755"}],"wp:featuredmedia":[{"embeddable":true,"href":"https:\/\/alpenlaendische.at\/vorarlberg\/wp-json\/wp\/v2\/media\/8709"}],"wp:attachment":[{"href":"https:\/\/alpenlaendische.at\/vorarlberg\/wp-json\/wp\/v2\/media?parent=8714"}],"wp:term":[{"taxonomy":"category","embeddable":true,"href":"https:\/\/alpenlaendische.at\/vorarlberg\/wp-json\/wp\/v2\/categories?post=8714"},{"taxonomy":"post_tag","embeddable":true,"href":"https:\/\/alpenlaendische.at\/vorarlberg\/wp-json\/wp\/v2\/tags?post=8714"}],"curies":[{"name":"wp","href":"https:\/\/api.w.org\/{rel}","templated":true}]}}