{"id":8753,"date":"2021-09-14T16:20:00","date_gmt":"2021-09-14T14:20:00","guid":{"rendered":"https:\/\/alpenlaendische.at\/vorarlberg\/?p=8753"},"modified":"2023-03-07T09:22:53","modified_gmt":"2023-03-07T08:22:53","slug":"baustart-in-lustenau","status":"publish","type":"post","link":"https:\/\/alpenlaendische.at\/vorarlberg\/baustart-in-lustenau\/","title":{"rendered":"Baustart in Lustenau"},"content":{"rendered":"\n<p>Das neue Projekt besteht aus einem Geb\u00e4ude mit 18\u00a0 Wohneinheiten. Die Wohnanlage verf\u00fcgt \u00fcber ein Erdgeschoss und 3 bzw. 5 Obergeschosse<strong>\u00a0<\/strong>in Massivbauweise mit einem bekiesten Flachdach. Die den Wohnungen zugeh\u00f6rigen Loggien sind in die Geb\u00e4udekubatur integriert.<\/p>\n\n\n\n<p>Im Erdgeschoss befinden sich die Gesch\u00e4ftsfl\u00e4che sowie Infrastrukturr\u00e4ume. Im 1. Obergeschoss befinden sich eine 2-Zimmerwohnung, eine 4-Zimmerwohnung und zwei 2-Zimmerwohnungen. Im 2. und 3. Obergeschoss befinden sich jeweils zwei 2-Zimmer-wohnungen, zwei 3-Zimmerwohnungen und eine 4-Zimmer-wohnung<\/p>\n\n\n\n<p>Im 4. und 5. Obergeschoss befinden sich jeweils eine 2-Zimmer-wochnung und eine 4-Zimmerwohnung.<\/p>\n\n\n\n<p>Alle Wohnungen sind, zus\u00e4tzlich zur Aufzugsanlage, \u00fcber das zentrale, geschlossene Stiegenhaus auf kurzem Weg zug\u00e4nglich.<\/p>\n","protected":false},"excerpt":{"rendered":"<p>Der feierliche Spatenstich erfolgte am 14.09.2021. In Lustenau entstehen nach der Neubauf\u00f6rderungsrichtlinie des Landes Vorarlberg 18<br \/>\nMietwohnungen, eine Gesch\u00e4ftsfl\u00e4che, 20 Tiefgaragenstellpl\u00e4tze und 12 PKW-Abstellpl\u00e4tze im Freien.<\/p>\n","protected":false},"author":8,"featured_media":8736,"comment_status":"closed","ping_status":"closed","sticky":false,"template":"","format":"standard","meta":{"_acf_changed":false,"footnotes":""},"categories":[1],"tags":[],"class_list":["post-8753","post","type-post","status-publish","format-standard","has-post-thumbnail","hentry","category-allgemein","projektereignis-spatenstich"],"acf":[],"_links":{"self":[{"href":"https:\/\/alpenlaendische.at\/vorarlberg\/wp-json\/wp\/v2\/posts\/8753","targetHints":{"allow":["GET"]}}],"collection":[{"href":"https:\/\/alpenlaendische.at\/vorarlberg\/wp-json\/wp\/v2\/posts"}],"about":[{"href":"https:\/\/alpenlaendische.at\/vorarlberg\/wp-json\/wp\/v2\/types\/post"}],"author":[{"embeddable":true,"href":"https:\/\/alpenlaendische.at\/vorarlberg\/wp-json\/wp\/v2\/users\/8"}],"replies":[{"embeddable":true,"href":"https:\/\/alpenlaendische.at\/vorarlberg\/wp-json\/wp\/v2\/comments?post=8753"}],"version-history":[{"count":4,"href":"https:\/\/alpenlaendische.at\/vorarlberg\/wp-json\/wp\/v2\/posts\/8753\/revisions"}],"predecessor-version":[{"id":8760,"href":"https:\/\/alpenlaendische.at\/vorarlberg\/wp-json\/wp\/v2\/posts\/8753\/revisions\/8760"}],"wp:featuredmedia":[{"embeddable":true,"href":"https:\/\/alpenlaendische.at\/vorarlberg\/wp-json\/wp\/v2\/media\/8736"}],"wp:attachment":[{"href":"https:\/\/alpenlaendische.at\/vorarlberg\/wp-json\/wp\/v2\/media?parent=8753"}],"wp:term":[{"taxonomy":"category","embeddable":true,"href":"https:\/\/alpenlaendische.at\/vorarlberg\/wp-json\/wp\/v2\/categories?post=8753"},{"taxonomy":"post_tag","embeddable":true,"href":"https:\/\/alpenlaendische.at\/vorarlberg\/wp-json\/wp\/v2\/tags?post=8753"}],"curies":[{"name":"wp","href":"https:\/\/api.w.org\/{rel}","templated":true}]}}