{"id":8780,"date":"2022-04-11T16:00:00","date_gmt":"2022-04-11T14:00:00","guid":{"rendered":"https:\/\/alpenlaendische.at\/vorarlberg\/?p=8780"},"modified":"2023-03-09T11:14:56","modified_gmt":"2023-03-09T10:14:56","slug":"wohnprojekt-in-levis-spatenstich-erfolgt","status":"publish","type":"post","link":"https:\/\/alpenlaendische.at\/vorarlberg\/wohnprojekt-in-levis-spatenstich-erfolgt\/","title":{"rendered":"Wohnprojekt in Levis: Spatenstich erfolgt"},"content":{"rendered":"\n<p>Die neue Wohnanlage besteht aus einem Bauk\u00f6rper mit 16 Wohneinheiten. Je acht 2-Zimmerwohnungen, vier 3-Zimmerwohnungen, vier 4-Zimmerwohnungen und einem Untergeschoss mit Tiefgarage mit 16 Stellpl\u00e4tzen sowie drei Abstellpl\u00e4tzen im Freien.<br><\/p>\n\n\n\n<p><strong>Viel Wohnkomfort, wenig Verbrauch<\/strong><\/p>\n\n\n\n<p>Top!&nbsp;Die W\u00e4rmeerzeugung erfolgt \u00fcber eine&nbsp;Grundwasser W\u00e4rmepumpe&nbsp;und eine&nbsp;PV-Anlage. Die Heizungsanlage ist Witterungsgef\u00fchrt und passt sich entsprechend der herrschenden Au\u00dfentemperatur an. Eine PV-Anlage, die auf dem Dach montiert wird, dient zur Versorgung der Wohnanlage mit Strom. \u00dcbersch\u00fcssiger Strom wird in das Ortsnetz eingespeist.<\/p>\n\n\n\n<p>Die Fertigstellung ist f\u00fcr Oktober 2023 geplant.<\/p>\n","protected":false},"excerpt":{"rendered":"<p>In der B\u00fcrgergasse errichtet die Alpenl\u00e4ndische Gemeinn\u00fctzige Wohnbau GmbH in Zusammenarbeit mit der Stadt Feldkirch, realisiert von Hilti und Jehle GmbH, eine Wohnanlage mit insgesamt 16 Wohnungen. Vor Kurzem (Anm.: 11.04.2022) wurde der Spatenstich feierlich begangen.<\/p>\n","protected":false},"author":8,"featured_media":8779,"comment_status":"closed","ping_status":"closed","sticky":false,"template":"","format":"standard","meta":{"_acf_changed":false,"footnotes":""},"categories":[1],"tags":[],"class_list":["post-8780","post","type-post","status-publish","format-standard","has-post-thumbnail","hentry","category-allgemein","projektereignis-spatenstich"],"acf":[],"_links":{"self":[{"href":"https:\/\/alpenlaendische.at\/vorarlberg\/wp-json\/wp\/v2\/posts\/8780","targetHints":{"allow":["GET"]}}],"collection":[{"href":"https:\/\/alpenlaendische.at\/vorarlberg\/wp-json\/wp\/v2\/posts"}],"about":[{"href":"https:\/\/alpenlaendische.at\/vorarlberg\/wp-json\/wp\/v2\/types\/post"}],"author":[{"embeddable":true,"href":"https:\/\/alpenlaendische.at\/vorarlberg\/wp-json\/wp\/v2\/users\/8"}],"replies":[{"embeddable":true,"href":"https:\/\/alpenlaendische.at\/vorarlberg\/wp-json\/wp\/v2\/comments?post=8780"}],"version-history":[{"count":5,"href":"https:\/\/alpenlaendische.at\/vorarlberg\/wp-json\/wp\/v2\/posts\/8780\/revisions"}],"predecessor-version":[{"id":8794,"href":"https:\/\/alpenlaendische.at\/vorarlberg\/wp-json\/wp\/v2\/posts\/8780\/revisions\/8794"}],"wp:featuredmedia":[{"embeddable":true,"href":"https:\/\/alpenlaendische.at\/vorarlberg\/wp-json\/wp\/v2\/media\/8779"}],"wp:attachment":[{"href":"https:\/\/alpenlaendische.at\/vorarlberg\/wp-json\/wp\/v2\/media?parent=8780"}],"wp:term":[{"taxonomy":"category","embeddable":true,"href":"https:\/\/alpenlaendische.at\/vorarlberg\/wp-json\/wp\/v2\/categories?post=8780"},{"taxonomy":"post_tag","embeddable":true,"href":"https:\/\/alpenlaendische.at\/vorarlberg\/wp-json\/wp\/v2\/tags?post=8780"}],"curies":[{"name":"wp","href":"https:\/\/api.w.org\/{rel}","templated":true}]}}