{"id":8810,"date":"2022-07-12T16:27:00","date_gmt":"2022-07-12T14:27:00","guid":{"rendered":"https:\/\/alpenlaendische.at\/vorarlberg\/?p=8810"},"modified":"2023-03-15T15:31:03","modified_gmt":"2023-03-15T14:31:03","slug":"wohnraum-fuer-lustenau","status":"publish","type":"post","link":"https:\/\/alpenlaendische.at\/vorarlberg\/wohnraum-fuer-lustenau\/","title":{"rendered":"Wohnraum f\u00fcr Lustenau"},"content":{"rendered":"\n<p>Im Rheindorf starten die Bauarbeiten f\u00fcr das gemeinsame Projekt von Rhomberg Bau, Alpenl\u00e4ndische Gemeinn\u00fctzige WohnbauGmbH und die RB Lustenau Immobilien GmbH &amp; Co OG (Raiba).<\/p>\n\n\n\n<p>Hier entsteht ein modernes Ortsteilzentrum mit vielf\u00e4ltigen Angeboten und einer hohen Wohn- und Aufenthaltsqualit\u00e4t. Mit \u00fcber 7 000 m\u00b2 Fl\u00e4che ist das Gesamtprojekt &#8222;Rheindorf&#8220; das gr\u00f6\u00dfte Baufeld, das innerorts in Lustenau aktuell entwickelt wird.<\/p>\n\n\n\n<p>Die Alpenl\u00e4ndische errichtet in der ersten Bauetappe &#8222;West&#8220; eine vierst\u00f6ckige Wohnanlage mit 13 gef\u00f6rderten Mietwohnungen, 13 Tiefgarageneinstellpl\u00e4tze und einem Autoabstellplatz im Freien. Es handelt sich dabei um ein mehrgeschossiges, unterkellertes Bauvorhaben, das E+3 Gescho\u00dfe mit einem Bauk\u00f6rper in Stahlbetonskelettbau mit Stahlbetonst\u00fctzen und Holzau\u00dfenw\u00e4nden umfasst.<\/p>\n\n\n\n<p>Der Baustart f\u00fcr die zweite Etappe ist f\u00fcr voraussichtlich 2024 geplant.<br><br><\/p>\n","protected":false},"excerpt":{"rendered":"<p>Der Spatenstich erfolgte am 12.07.2022. Es entstehen nach der Neubauf\u00f6rderungsrichtlinie des Landes Vorarlberg 13 Mietwohnungen.<\/p>\n","protected":false},"author":8,"featured_media":8840,"comment_status":"closed","ping_status":"closed","sticky":false,"template":"","format":"standard","meta":{"_acf_changed":false,"footnotes":""},"categories":[1],"tags":[],"class_list":["post-8810","post","type-post","status-publish","format-standard","has-post-thumbnail","hentry","category-allgemein","projektereignis-spatenstich"],"acf":[],"_links":{"self":[{"href":"https:\/\/alpenlaendische.at\/vorarlberg\/wp-json\/wp\/v2\/posts\/8810","targetHints":{"allow":["GET"]}}],"collection":[{"href":"https:\/\/alpenlaendische.at\/vorarlberg\/wp-json\/wp\/v2\/posts"}],"about":[{"href":"https:\/\/alpenlaendische.at\/vorarlberg\/wp-json\/wp\/v2\/types\/post"}],"author":[{"embeddable":true,"href":"https:\/\/alpenlaendische.at\/vorarlberg\/wp-json\/wp\/v2\/users\/8"}],"replies":[{"embeddable":true,"href":"https:\/\/alpenlaendische.at\/vorarlberg\/wp-json\/wp\/v2\/comments?post=8810"}],"version-history":[{"count":4,"href":"https:\/\/alpenlaendische.at\/vorarlberg\/wp-json\/wp\/v2\/posts\/8810\/revisions"}],"predecessor-version":[{"id":8848,"href":"https:\/\/alpenlaendische.at\/vorarlberg\/wp-json\/wp\/v2\/posts\/8810\/revisions\/8848"}],"wp:featuredmedia":[{"embeddable":true,"href":"https:\/\/alpenlaendische.at\/vorarlberg\/wp-json\/wp\/v2\/media\/8840"}],"wp:attachment":[{"href":"https:\/\/alpenlaendische.at\/vorarlberg\/wp-json\/wp\/v2\/media?parent=8810"}],"wp:term":[{"taxonomy":"category","embeddable":true,"href":"https:\/\/alpenlaendische.at\/vorarlberg\/wp-json\/wp\/v2\/categories?post=8810"},{"taxonomy":"post_tag","embeddable":true,"href":"https:\/\/alpenlaendische.at\/vorarlberg\/wp-json\/wp\/v2\/tags?post=8810"}],"curies":[{"name":"wp","href":"https:\/\/api.w.org\/{rel}","templated":true}]}}