{"id":8849,"date":"2021-09-27T16:37:00","date_gmt":"2021-09-27T14:37:00","guid":{"rendered":"https:\/\/alpenlaendische.at\/vorarlberg\/?p=8849"},"modified":"2023-03-17T09:28:43","modified_gmt":"2023-03-17T08:28:43","slug":"baustart-fuer-wohnprojekt-in-nofels","status":"publish","type":"post","link":"https:\/\/alpenlaendische.at\/vorarlberg\/baustart-fuer-wohnprojekt-in-nofels\/","title":{"rendered":"Baustart f\u00fcr Wohnprojekt in Nofels"},"content":{"rendered":"\n<p>Die Alpenl\u00e4ndische errichtet im Stadtteil Feldkirch-Nofels, Oberer Hasenbachweg, im Baurecht auf der Liegenschaft der Di\u00f6zese Feldkirch eine Wohnanlage mit 18 Wohneinheiten, 18 Tiefgaragenpl\u00e4tze und f\u00fcnf KFZ-Abstellpl\u00e4tze im Freien. <\/p>\n\n\n\n<p>Die Wohnanlage ist teilunterkellert, wobei von den insgesamt 5 H\u00e4usern, lediglich 3 unterkellert sind. Jedes der H\u00e4user verf\u00fcgt \u00fcber ein Erdgeschoss und ein Obergeschoss in Massivbauweise mit jeweils bekiesten Flachdach. Die den Wohnungen zugeh\u00f6rigen Terrassen oder Balkone sind in die Geb\u00e4udekubatur integriert oder kragen aus.<\/p>\n\n\n\n<p>Die Fertigstellung ist f\u00fcr April 2023 geplant.<\/p>\n\n\n\n<p><\/p>\n","protected":false},"excerpt":{"rendered":"<p>Im September 2021 erfolgte der Spatenstich f\u00fcr den Bau einer neuen Wohnanlage in Nofels. Aufgeteilt auf f\u00fcnf Bauk\u00f6rper entstehen nach der Neubauf\u00f6rderungsrichtlinie des Landes Vorarlberg\u00a018 gemeinn\u00fctzige Mietwohnungen.<\/p>\n","protected":false},"author":8,"featured_media":8833,"comment_status":"closed","ping_status":"closed","sticky":false,"template":"","format":"standard","meta":{"_acf_changed":false,"footnotes":""},"categories":[1],"tags":[],"class_list":["post-8849","post","type-post","status-publish","format-standard","has-post-thumbnail","hentry","category-allgemein","projektereignis-spatenstich"],"acf":[],"_links":{"self":[{"href":"https:\/\/alpenlaendische.at\/vorarlberg\/wp-json\/wp\/v2\/posts\/8849","targetHints":{"allow":["GET"]}}],"collection":[{"href":"https:\/\/alpenlaendische.at\/vorarlberg\/wp-json\/wp\/v2\/posts"}],"about":[{"href":"https:\/\/alpenlaendische.at\/vorarlberg\/wp-json\/wp\/v2\/types\/post"}],"author":[{"embeddable":true,"href":"https:\/\/alpenlaendische.at\/vorarlberg\/wp-json\/wp\/v2\/users\/8"}],"replies":[{"embeddable":true,"href":"https:\/\/alpenlaendische.at\/vorarlberg\/wp-json\/wp\/v2\/comments?post=8849"}],"version-history":[{"count":4,"href":"https:\/\/alpenlaendische.at\/vorarlberg\/wp-json\/wp\/v2\/posts\/8849\/revisions"}],"predecessor-version":[{"id":8859,"href":"https:\/\/alpenlaendische.at\/vorarlberg\/wp-json\/wp\/v2\/posts\/8849\/revisions\/8859"}],"wp:featuredmedia":[{"embeddable":true,"href":"https:\/\/alpenlaendische.at\/vorarlberg\/wp-json\/wp\/v2\/media\/8833"}],"wp:attachment":[{"href":"https:\/\/alpenlaendische.at\/vorarlberg\/wp-json\/wp\/v2\/media?parent=8849"}],"wp:term":[{"taxonomy":"category","embeddable":true,"href":"https:\/\/alpenlaendische.at\/vorarlberg\/wp-json\/wp\/v2\/categories?post=8849"},{"taxonomy":"post_tag","embeddable":true,"href":"https:\/\/alpenlaendische.at\/vorarlberg\/wp-json\/wp\/v2\/tags?post=8849"}],"curies":[{"name":"wp","href":"https:\/\/api.w.org\/{rel}","templated":true}]}}