{"id":8860,"date":"2022-06-09T09:30:00","date_gmt":"2022-06-09T07:30:00","guid":{"rendered":"https:\/\/alpenlaendische.at\/vorarlberg\/?p=8860"},"modified":"2023-03-17T09:54:05","modified_gmt":"2023-03-17T08:54:05","slug":"18-wohnungen-in-nofels-nehmen-form-an","status":"publish","type":"post","link":"https:\/\/alpenlaendische.at\/vorarlberg\/18-wohnungen-in-nofels-nehmen-form-an\/","title":{"rendered":"18 Wohnungen in Nofels nehmen Form an"},"content":{"rendered":"\n<p><strong>Bauarbeiten schreiten gut voran<\/strong><\/p>\n\n\n\n<p>Im Stadtteil Feldkirch-Nofels, Oberer Hasenbachweg 8, 8a, 10, 10a, 10 b, entsteht eine Wohnanlage mit 5 Geb\u00e4uden mit 18 Wohneinheiten. <\/p>\n\n\n\n<p>Die Alpenl\u00e4ndische bedankt sich bei allen Beteiligten f\u00fcr den guten Fortschritt. Auch B\u00fcrgermeister Wolfgang Matt freut sich mit allen Beteiligten \u00fcber das erfolgreiche Projekt.<\/p>\n\n\n\n<p>Neben der hohen Qualit\u00e4t der Bebauung garantiert die Verwendung hochwertiger Materialeien und optimale Wohnungsgrundrisse den zuk\u00fcnftigen Bewohnern ein H\u00f6chstma\u00df an Komfort, Ruhe und Individualit\u00e4t.<\/p>\n\n\n\n<p><\/p>\n","protected":false},"excerpt":{"rendered":"<p>Im Herbst 2021 erfolgte der Baustart, vor kurzem wurde die Firstfeier abgehalten: Am 08.06.2022\u00a0lud die Alpenl\u00e4ndische mit der Fa. Rhomberg Bau GmbH zur gemeinsamen Jause bzw. einem gemeinsamen Essen mit Umtrunk vor Ort ein.<\/p>\n","protected":false},"author":8,"featured_media":8867,"comment_status":"closed","ping_status":"closed","sticky":false,"template":"","format":"standard","meta":{"_acf_changed":false,"footnotes":""},"categories":[1],"tags":[],"class_list":["post-8860","post","type-post","status-publish","format-standard","has-post-thumbnail","hentry","category-allgemein","projektereignis-firstfeier"],"acf":[],"_links":{"self":[{"href":"https:\/\/alpenlaendische.at\/vorarlberg\/wp-json\/wp\/v2\/posts\/8860","targetHints":{"allow":["GET"]}}],"collection":[{"href":"https:\/\/alpenlaendische.at\/vorarlberg\/wp-json\/wp\/v2\/posts"}],"about":[{"href":"https:\/\/alpenlaendische.at\/vorarlberg\/wp-json\/wp\/v2\/types\/post"}],"author":[{"embeddable":true,"href":"https:\/\/alpenlaendische.at\/vorarlberg\/wp-json\/wp\/v2\/users\/8"}],"replies":[{"embeddable":true,"href":"https:\/\/alpenlaendische.at\/vorarlberg\/wp-json\/wp\/v2\/comments?post=8860"}],"version-history":[{"count":4,"href":"https:\/\/alpenlaendische.at\/vorarlberg\/wp-json\/wp\/v2\/posts\/8860\/revisions"}],"predecessor-version":[{"id":8881,"href":"https:\/\/alpenlaendische.at\/vorarlberg\/wp-json\/wp\/v2\/posts\/8860\/revisions\/8881"}],"wp:featuredmedia":[{"embeddable":true,"href":"https:\/\/alpenlaendische.at\/vorarlberg\/wp-json\/wp\/v2\/media\/8867"}],"wp:attachment":[{"href":"https:\/\/alpenlaendische.at\/vorarlberg\/wp-json\/wp\/v2\/media?parent=8860"}],"wp:term":[{"taxonomy":"category","embeddable":true,"href":"https:\/\/alpenlaendische.at\/vorarlberg\/wp-json\/wp\/v2\/categories?post=8860"},{"taxonomy":"post_tag","embeddable":true,"href":"https:\/\/alpenlaendische.at\/vorarlberg\/wp-json\/wp\/v2\/tags?post=8860"}],"curies":[{"name":"wp","href":"https:\/\/api.w.org\/{rel}","templated":true}]}}