{"id":8907,"date":"2022-08-04T16:57:00","date_gmt":"2022-08-04T14:57:00","guid":{"rendered":"https:\/\/alpenlaendische.at\/vorarlberg\/?p=8907"},"modified":"2023-03-17T11:16:54","modified_gmt":"2023-03-17T10:16:54","slug":"alpenlaendische-baut-in-vandans","status":"publish","type":"post","link":"https:\/\/alpenlaendische.at\/vorarlberg\/alpenlaendische-baut-in-vandans\/","title":{"rendered":"Alpenl\u00e4ndische baut in Vandans"},"content":{"rendered":"\n<p>In Vandans entstehen im Auftrag der Alpenl\u00e4ndische Gemeinn\u00fctzige Wohnbau GmbH, realisiert von Rhomberg Bau, acht Mietwohnungen, acht Tiefgaragenabstellpl\u00e4tzen und sieben Besucherparkpl\u00e4tze im Freien.  <\/p>\n\n\n\n<p>Alle Wohnungen haben eigene Balkone, einen eigenen zur Wohnung zugewiesenen Tiefgaragenabstellplatz und einen Abstellraum. Weiters gibt es einen Fahrradraum, einen Haustechnikraum, einen Trockenraum und einen M\u00fcllraum.<\/p>\n\n\n\n<p>Die Ausf\u00fchrung erfolgt gem\u00e4\u00df den Vorarlberger Neubauf\u00f6rderungsrichtlinien NFRL 2021\/2022. <br>Leistbare Wohnungen und energieoptimierte bauliche Umsetzung gehen Hand in Hand. Es wird ein hoher Standard in Bezug auf Komfort bei gleichzeitig minimalem Energieverbrauch erzielt. F\u00fcr die leistbare Energieversorgung sorgt eine Erdw\u00e4rme, eine PV-Anlage sowie eine kontrollierte Be- und Entl\u00fcftung.<br><\/p>\n","protected":false},"excerpt":{"rendered":"<p>Der traditionelle Spatenstich erfolgte am 04.08.2022. Auf 1150m\u00b2 Grundst\u00fccksfl\u00e4che entsteht eine Wohnanlage mit 8 integrativen Mietwohnungen.<\/p>\n","protected":false},"author":8,"featured_media":8902,"comment_status":"closed","ping_status":"closed","sticky":false,"template":"","format":"standard","meta":{"_acf_changed":false,"footnotes":""},"categories":[1],"tags":[],"class_list":["post-8907","post","type-post","status-publish","format-standard","has-post-thumbnail","hentry","category-allgemein","projektereignis-spatenstich"],"acf":[],"_links":{"self":[{"href":"https:\/\/alpenlaendische.at\/vorarlberg\/wp-json\/wp\/v2\/posts\/8907","targetHints":{"allow":["GET"]}}],"collection":[{"href":"https:\/\/alpenlaendische.at\/vorarlberg\/wp-json\/wp\/v2\/posts"}],"about":[{"href":"https:\/\/alpenlaendische.at\/vorarlberg\/wp-json\/wp\/v2\/types\/post"}],"author":[{"embeddable":true,"href":"https:\/\/alpenlaendische.at\/vorarlberg\/wp-json\/wp\/v2\/users\/8"}],"replies":[{"embeddable":true,"href":"https:\/\/alpenlaendische.at\/vorarlberg\/wp-json\/wp\/v2\/comments?post=8907"}],"version-history":[{"count":4,"href":"https:\/\/alpenlaendische.at\/vorarlberg\/wp-json\/wp\/v2\/posts\/8907\/revisions"}],"predecessor-version":[{"id":8913,"href":"https:\/\/alpenlaendische.at\/vorarlberg\/wp-json\/wp\/v2\/posts\/8907\/revisions\/8913"}],"wp:featuredmedia":[{"embeddable":true,"href":"https:\/\/alpenlaendische.at\/vorarlberg\/wp-json\/wp\/v2\/media\/8902"}],"wp:attachment":[{"href":"https:\/\/alpenlaendische.at\/vorarlberg\/wp-json\/wp\/v2\/media?parent=8907"}],"wp:term":[{"taxonomy":"category","embeddable":true,"href":"https:\/\/alpenlaendische.at\/vorarlberg\/wp-json\/wp\/v2\/categories?post=8907"},{"taxonomy":"post_tag","embeddable":true,"href":"https:\/\/alpenlaendische.at\/vorarlberg\/wp-json\/wp\/v2\/tags?post=8907"}],"curies":[{"name":"wp","href":"https:\/\/api.w.org\/{rel}","templated":true}]}}