{"id":8925,"date":"2021-08-30T17:02:00","date_gmt":"2021-08-30T15:02:00","guid":{"rendered":"https:\/\/alpenlaendische.at\/vorarlberg\/?p=8925"},"modified":"2023-03-17T12:19:14","modified_gmt":"2023-03-17T11:19:14","slug":"wohnraum-fuer-innerbraz","status":"publish","type":"post","link":"https:\/\/alpenlaendische.at\/vorarlberg\/wohnraum-fuer-innerbraz\/","title":{"rendered":"Wohnraum f\u00fcr Innerbraz"},"content":{"rendered":"\n<p><strong>Es kann los gehen!<\/strong><\/p>\n\n\n\n<p>In Innerbraz, Arlbergstra\u00dfe 150, entsteht ein Niedrigenergiehaus mit 16 Wohneinheiten, einer Tiefgarage sowie sieben Au\u00dfenstellpl\u00e4tzen.<\/p>\n\n\n\n<p>Bei dem Projekt handelt es sich um ein mehrgeschossiges, unterkellertes Bauvorhaben. Es verf\u00fcgt \u00fcber ein Erdgeschoss und zwei Obergeschosse in Massivbauweise mit einem bekiesten Flachdach. Die den Wohnungen zugeh\u00f6rigen Balkone sind\u00a0 in die Geb\u00e4udekubatur integriert.<\/p>\n\n\n\n<p>Die Vergabe der Wohnungen \u2013 gem\u00e4\u00df den aktuellen Wohnbauf\u00f6rderungsrichtlinien \u2013 an die neuen Bewohner erfolgt ausschlie\u00dflich \u00fcber die Gemeinde Innerbraz.<\/p>\n\n\n\n<p><\/p>\n","protected":false},"excerpt":{"rendered":"<p>Der Spatenstich erfolgte am 30.08.2021. Es entstehen nach der Neubauf\u00f6rderungsrichtlinie des Landes Vorarlberg 16 Mietwohnungen.<\/p>\n","protected":false},"author":8,"featured_media":8924,"comment_status":"closed","ping_status":"closed","sticky":false,"template":"","format":"standard","meta":{"_acf_changed":false,"footnotes":""},"categories":[1],"tags":[],"class_list":["post-8925","post","type-post","status-publish","format-standard","has-post-thumbnail","hentry","category-allgemein","projektereignis-spatenstich"],"acf":[],"_links":{"self":[{"href":"https:\/\/alpenlaendische.at\/vorarlberg\/wp-json\/wp\/v2\/posts\/8925","targetHints":{"allow":["GET"]}}],"collection":[{"href":"https:\/\/alpenlaendische.at\/vorarlberg\/wp-json\/wp\/v2\/posts"}],"about":[{"href":"https:\/\/alpenlaendische.at\/vorarlberg\/wp-json\/wp\/v2\/types\/post"}],"author":[{"embeddable":true,"href":"https:\/\/alpenlaendische.at\/vorarlberg\/wp-json\/wp\/v2\/users\/8"}],"replies":[{"embeddable":true,"href":"https:\/\/alpenlaendische.at\/vorarlberg\/wp-json\/wp\/v2\/comments?post=8925"}],"version-history":[{"count":4,"href":"https:\/\/alpenlaendische.at\/vorarlberg\/wp-json\/wp\/v2\/posts\/8925\/revisions"}],"predecessor-version":[{"id":8934,"href":"https:\/\/alpenlaendische.at\/vorarlberg\/wp-json\/wp\/v2\/posts\/8925\/revisions\/8934"}],"wp:featuredmedia":[{"embeddable":true,"href":"https:\/\/alpenlaendische.at\/vorarlberg\/wp-json\/wp\/v2\/media\/8924"}],"wp:attachment":[{"href":"https:\/\/alpenlaendische.at\/vorarlberg\/wp-json\/wp\/v2\/media?parent=8925"}],"wp:term":[{"taxonomy":"category","embeddable":true,"href":"https:\/\/alpenlaendische.at\/vorarlberg\/wp-json\/wp\/v2\/categories?post=8925"},{"taxonomy":"post_tag","embeddable":true,"href":"https:\/\/alpenlaendische.at\/vorarlberg\/wp-json\/wp\/v2\/tags?post=8925"}],"curies":[{"name":"wp","href":"https:\/\/api.w.org\/{rel}","templated":true}]}}