{"id":9108,"date":"2023-04-27T13:55:00","date_gmt":"2023-04-27T11:55:00","guid":{"rendered":"https:\/\/alpenlaendische.at\/vorarlberg\/?p=9108"},"modified":"2023-07-12T10:53:50","modified_gmt":"2023-07-12T08:53:50","slug":"alpenlaendische-uebergibt-wohnungen-in-hohenems","status":"publish","type":"post","link":"https:\/\/alpenlaendische.at\/vorarlberg\/alpenlaendische-uebergibt-wohnungen-in-hohenems\/","title":{"rendered":"Alpenl\u00e4ndische \u00fcbergibt Wohnungen in Hohenems"},"content":{"rendered":"\n<p>Es entstanden 3 gro\u00dfz\u00fcgige Vierzimmer- und 7 Dreizimmer-Wohnungen sowie 1 Zweizimmer-Wohnung in einem Bauk\u00f6rper mit jeweils sch\u00f6nen Balkonen bzw. Terrassen. Die Wohnanlage wurde vom B\u00fcro drexel architekten ZT OG geplant und verf\u00fcgt \u00fcber ein Erdgeschoss und zwei Obergeschosse in Massivbauweise mit einem bekiesten Flachdach. Die Ausf\u00fchrung erfolgte gem\u00e4\u00df den Neubauf\u00f6rderungsrichtlinien des Landes Vorarlberg. Unmittelbar beim Hauszugang befinden sich ein Trockenraum, ein Technikraum, Kellerabteile, ein Fahrradraum und ein Fahrradunterstellplatz. Neben der hohen Qualit\u00e4t der Bebauung garantieren die Verwendung hochwertiger Materialen und optimale Wohnungsgrundrisse den Bewohnern ein H\u00f6chstma\u00df an Komfort, Ruhe und Individualit\u00e4t.<\/p>\n\n\n\n<p><strong>Effizientes Wohnen mit modernster Technik<\/strong><\/p>\n\n\n\n<p>Die Firma plankraft erstellte ein Energiekonzept, welches erheblich zu energetischen Einsparm\u00f6glichkeiten und einer wirtschaftlichen Betriebsweise beitragen wird. Zur Abdeckung des gesamten Heizw\u00e4rme-, Warmwasserw\u00e4rme- und L\u00fcftungsw\u00e4rmebedarfs erhielt das Geb\u00e4ude eine Sole\/Wasser W\u00e4rmepumpe. Der durch die PV-Anlage generierte Strom kommt als Eigenstrom der zentralen W\u00e4rmequelle (Sole\/Wasser-W\u00e4rmepumpe) zugute. Das Geb\u00e4ude besitzt zudem eine zentrale kontrollierte Be- und Entl\u00fcftungsanlage auf dem Flachdach.<\/p>\n\n\n\n<p>Der B\u00fcrgermeister der Stadt Hohenems Dieter Egger, die Alpenl\u00e4ndische Gemeinn\u00fctzige Wohnbau GmbH sowie weitere Projektbeteiligte w\u00fcnschen den Bewohnern viel Freude in ihrem neuen Zuhause.<\/p>\n","protected":false},"excerpt":{"rendered":"<p>Nach Fertigstellung der neuen attraktiven Wohnanlage in Massivbauweise erfolgte am 20. April die feierliche \u00dcbergabe der 11 Mietwohnungen vor Ort in Hohenems. Die sch\u00f6n und ruhig gelegene Wohnanlage ist mit 11 Tiefgaragenabstellpl\u00e4tzen und 5 Besucherabstellpl\u00e4tzen im Freien sowie Kellerabteilen und einem sch\u00f6nen Kinderspielplatz ausgestattet. <\/p>\n","protected":false},"author":8,"featured_media":9113,"comment_status":"closed","ping_status":"closed","sticky":false,"template":"","format":"standard","meta":{"_acf_changed":false,"footnotes":""},"categories":[1],"tags":[],"class_list":["post-9108","post","type-post","status-publish","format-standard","has-post-thumbnail","hentry","category-allgemein","projektereignis-schluesseluebergabe"],"acf":[],"_links":{"self":[{"href":"https:\/\/alpenlaendische.at\/vorarlberg\/wp-json\/wp\/v2\/posts\/9108","targetHints":{"allow":["GET"]}}],"collection":[{"href":"https:\/\/alpenlaendische.at\/vorarlberg\/wp-json\/wp\/v2\/posts"}],"about":[{"href":"https:\/\/alpenlaendische.at\/vorarlberg\/wp-json\/wp\/v2\/types\/post"}],"author":[{"embeddable":true,"href":"https:\/\/alpenlaendische.at\/vorarlberg\/wp-json\/wp\/v2\/users\/8"}],"replies":[{"embeddable":true,"href":"https:\/\/alpenlaendische.at\/vorarlberg\/wp-json\/wp\/v2\/comments?post=9108"}],"version-history":[{"count":4,"href":"https:\/\/alpenlaendische.at\/vorarlberg\/wp-json\/wp\/v2\/posts\/9108\/revisions"}],"predecessor-version":[{"id":9206,"href":"https:\/\/alpenlaendische.at\/vorarlberg\/wp-json\/wp\/v2\/posts\/9108\/revisions\/9206"}],"wp:featuredmedia":[{"embeddable":true,"href":"https:\/\/alpenlaendische.at\/vorarlberg\/wp-json\/wp\/v2\/media\/9113"}],"wp:attachment":[{"href":"https:\/\/alpenlaendische.at\/vorarlberg\/wp-json\/wp\/v2\/media?parent=9108"}],"wp:term":[{"taxonomy":"category","embeddable":true,"href":"https:\/\/alpenlaendische.at\/vorarlberg\/wp-json\/wp\/v2\/categories?post=9108"},{"taxonomy":"post_tag","embeddable":true,"href":"https:\/\/alpenlaendische.at\/vorarlberg\/wp-json\/wp\/v2\/tags?post=9108"}],"curies":[{"name":"wp","href":"https:\/\/api.w.org\/{rel}","templated":true}]}}