{"id":9168,"date":"2021-12-14T14:24:00","date_gmt":"2021-12-14T13:24:00","guid":{"rendered":"https:\/\/alpenlaendische.at\/vorarlberg\/?p=9168"},"modified":"2023-06-14T14:32:20","modified_gmt":"2023-06-14T12:32:20","slug":"wohnungen-in-schruns-uebergeben","status":"publish","type":"post","link":"https:\/\/alpenlaendische.at\/vorarlberg\/wohnungen-in-schruns-uebergeben\/","title":{"rendered":"Wohnungen in Schruns \u00fcbergeben"},"content":{"rendered":"\n<p>Herr B\u00fcrgermeister J\u00fcrgen Kuster und Herr Markus Allg\u00e4uer (Alpenl\u00e4ndische) \u00fcbergaben in den R\u00e4umlichkeiten der Marktgemeinde Schruns die Schl\u00fcssel jedem neuen Bewohner einzeln.<\/p>\n\n\n\n<p>Einen sch\u00f6nen Brauch hat die\u00a0<strong>Marktgemeinde Schruns\u00a0<\/strong>aufleben lassen, und jedem neuen Bewohner<strong>\u00a0&#8222;Brot und Salz&#8220; als Willkommensgeschenk<\/strong>\u00a0\u00fcbergeben.\u00a0<\/p>\n\n\n\n<p><strong>Besonderheit<\/strong>: Schnelle Bauzeit dank seriell vorgefertigten, komplett ausgebauten Raummodulen aus&nbsp;<strong>Massivholz<\/strong>. Nach dem Prinzip &#8222;Plug &amp; Play&#8220; wurden multifunktionale Wohngeb\u00e4ude kombiniert. Jede Wohnung speichert dabei durchschnittlich rund 25 Tonnen CO2.<\/p>\n\n\n\n<p>Wir w\u00fcnschen viel Freude im neuen Heim!<\/p>\n","protected":false},"excerpt":{"rendered":"<p>Modern und klimapostiv wohnen in Schruns. Am 14.01.2021 erhielten die zuk\u00fcnftigen Bewohner der 15 neuen Wohnungen ihre Wohnungsschl\u00fcssel.<\/p>\n","protected":false},"author":8,"featured_media":9157,"comment_status":"closed","ping_status":"closed","sticky":false,"template":"","format":"standard","meta":{"_acf_changed":false,"footnotes":""},"categories":[1],"tags":[],"class_list":["post-9168","post","type-post","status-publish","format-standard","has-post-thumbnail","hentry","category-allgemein","projektereignis-schluesseluebergabe"],"acf":[],"_links":{"self":[{"href":"https:\/\/alpenlaendische.at\/vorarlberg\/wp-json\/wp\/v2\/posts\/9168","targetHints":{"allow":["GET"]}}],"collection":[{"href":"https:\/\/alpenlaendische.at\/vorarlberg\/wp-json\/wp\/v2\/posts"}],"about":[{"href":"https:\/\/alpenlaendische.at\/vorarlberg\/wp-json\/wp\/v2\/types\/post"}],"author":[{"embeddable":true,"href":"https:\/\/alpenlaendische.at\/vorarlberg\/wp-json\/wp\/v2\/users\/8"}],"replies":[{"embeddable":true,"href":"https:\/\/alpenlaendische.at\/vorarlberg\/wp-json\/wp\/v2\/comments?post=9168"}],"version-history":[{"count":3,"href":"https:\/\/alpenlaendische.at\/vorarlberg\/wp-json\/wp\/v2\/posts\/9168\/revisions"}],"predecessor-version":[{"id":9172,"href":"https:\/\/alpenlaendische.at\/vorarlberg\/wp-json\/wp\/v2\/posts\/9168\/revisions\/9172"}],"wp:featuredmedia":[{"embeddable":true,"href":"https:\/\/alpenlaendische.at\/vorarlberg\/wp-json\/wp\/v2\/media\/9157"}],"wp:attachment":[{"href":"https:\/\/alpenlaendische.at\/vorarlberg\/wp-json\/wp\/v2\/media?parent=9168"}],"wp:term":[{"taxonomy":"category","embeddable":true,"href":"https:\/\/alpenlaendische.at\/vorarlberg\/wp-json\/wp\/v2\/categories?post=9168"},{"taxonomy":"post_tag","embeddable":true,"href":"https:\/\/alpenlaendische.at\/vorarlberg\/wp-json\/wp\/v2\/tags?post=9168"}],"curies":[{"name":"wp","href":"https:\/\/api.w.org\/{rel}","templated":true}]}}