{"id":9181,"date":"2023-07-06T12:02:42","date_gmt":"2023-07-06T10:02:42","guid":{"rendered":"https:\/\/alpenlaendische.at\/vorarlberg\/?p=9181"},"modified":"2023-07-06T12:04:51","modified_gmt":"2023-07-06T10:04:51","slug":"spatenstich-fuer-eine-wohnanlage-in-gisingen","status":"publish","type":"post","link":"https:\/\/alpenlaendische.at\/vorarlberg\/spatenstich-fuer-eine-wohnanlage-in-gisingen\/","title":{"rendered":"Spatenstich f\u00fcr eine Wohnanlage in Gisingen"},"content":{"rendered":"\n<p>Es entstehen 4 freundlich und funktional gestaltete Zweizimmer-Wohnungen, 5 Dreizimmer-Wohnungen und 2 Vierzimmer-Wohnungen in einem eleganten Bauk\u00f6rper mit Holzfassade. Das Untergescho\u00df und das Stiegenhaus sind als Massivbau konzipiert, w\u00e4hrend ab dem Erdgescho\u00df ein Holzbau zur Ausf\u00fchrung kommen wird. Alle Wohnungen verf\u00fcgen \u00fcber sch\u00f6ne Balkone, ein Kellerabteil und einen Tiefgaragenplatz. Auch ein Kinderspielplatz und Fahrradabstellpl\u00e4tze sind f\u00fcr die zuk\u00fcnftigen Mieter vorgesehen.<\/p>\n\n\n\n<p>Als Besonderheit gibt es einen Gemeinschaftsraum mit integrierter K\u00fcche als Treffpunkt f\u00fcr die gesamte Hausgemeinschaft.<\/p>\n\n\n\n<p>Die effiziente Haustechnik sieht eine Sole\/Wasser-W\u00e4rmepumpenanlage samt Komfortl\u00fcftung sowie ein Photovoltaikanlage vor, wobei die W\u00e4rme \u00fcber eine Fu\u00dfbodenheizung verteilt wird. Der Heizw\u00e4rmebedarf des Geb\u00e4udes liegt bei 28 kWh\/m\u00b2a.<\/p>\n\n\n\n<p>Zitate anl\u00e4sslich des Spatenstichs: \u201eWir k\u00f6nnen als Stadt die Mietpreise nicht steuern\u201c, erkl\u00e4rte B\u00fcrgermeister Matt anl\u00e4sslich der Feierstunde. \u201eAber wir k\u00f6nnen Mitb\u00fcrger:innen mit dringendem Wohnbedarf durch die Bereitstellung von gef\u00f6rdertem Wohnraum unterst\u00fctzen.\u201c Prok. Alexandra Schalegg erg\u00e4nzte: \u201eUnd das tut die starke Gemeinschaft aus Stadt, Alpenl\u00e4ndische und Rhomberg Bau mit dieser Wohnanlage. Ein besonderes Zeichen in dem momentan angespannten Immobilienmarkt.\u201c<\/p>\n","protected":false},"excerpt":{"rendered":"<p>Am 06. Juni 2023 erfolgte der feierliche Spatenstich f\u00fcr eine neue Wohnanlage in einem Bauk\u00f6rper mit 11 Mietwohnungen, 11 Tiefgaragenpl\u00e4tzen und 4 Besucherparkpl\u00e4tzen auf einem sch\u00f6nen Grundst\u00fcck in Gisingen, einem Stadtteil von Feldkirch. Das Kellergescho\u00df und die Stiegenh\u00e4user werden in Betonbauweise ausgef\u00fchrt, das restliche Geb\u00e4ude in Holzbauweise. Die Fertigstellung des Projektes ist f\u00fcr Herbst 2024 geplant.<\/p>\n","protected":false},"author":8,"featured_media":9179,"comment_status":"closed","ping_status":"closed","sticky":false,"template":"","format":"standard","meta":{"_acf_changed":false,"footnotes":""},"categories":[1],"tags":[],"class_list":["post-9181","post","type-post","status-publish","format-standard","has-post-thumbnail","hentry","category-allgemein","projektereignis-spatenstich"],"acf":[],"_links":{"self":[{"href":"https:\/\/alpenlaendische.at\/vorarlberg\/wp-json\/wp\/v2\/posts\/9181","targetHints":{"allow":["GET"]}}],"collection":[{"href":"https:\/\/alpenlaendische.at\/vorarlberg\/wp-json\/wp\/v2\/posts"}],"about":[{"href":"https:\/\/alpenlaendische.at\/vorarlberg\/wp-json\/wp\/v2\/types\/post"}],"author":[{"embeddable":true,"href":"https:\/\/alpenlaendische.at\/vorarlberg\/wp-json\/wp\/v2\/users\/8"}],"replies":[{"embeddable":true,"href":"https:\/\/alpenlaendische.at\/vorarlberg\/wp-json\/wp\/v2\/comments?post=9181"}],"version-history":[{"count":4,"href":"https:\/\/alpenlaendische.at\/vorarlberg\/wp-json\/wp\/v2\/posts\/9181\/revisions"}],"predecessor-version":[{"id":9186,"href":"https:\/\/alpenlaendische.at\/vorarlberg\/wp-json\/wp\/v2\/posts\/9181\/revisions\/9186"}],"wp:featuredmedia":[{"embeddable":true,"href":"https:\/\/alpenlaendische.at\/vorarlberg\/wp-json\/wp\/v2\/media\/9179"}],"wp:attachment":[{"href":"https:\/\/alpenlaendische.at\/vorarlberg\/wp-json\/wp\/v2\/media?parent=9181"}],"wp:term":[{"taxonomy":"category","embeddable":true,"href":"https:\/\/alpenlaendische.at\/vorarlberg\/wp-json\/wp\/v2\/categories?post=9181"},{"taxonomy":"post_tag","embeddable":true,"href":"https:\/\/alpenlaendische.at\/vorarlberg\/wp-json\/wp\/v2\/tags?post=9181"}],"curies":[{"name":"wp","href":"https:\/\/api.w.org\/{rel}","templated":true}]}}