{"id":9477,"date":"2023-10-12T11:20:36","date_gmt":"2023-10-12T09:20:36","guid":{"rendered":"https:\/\/alpenlaendische.at\/vorarlberg\/?p=9477"},"modified":"2023-10-12T11:20:37","modified_gmt":"2023-10-12T09:20:37","slug":"alpenlaendische-uebergibt-wohnungen-in-hard","status":"publish","type":"post","link":"https:\/\/alpenlaendische.at\/vorarlberg\/alpenlaendische-uebergibt-wohnungen-in-hard\/","title":{"rendered":"Alpenl\u00e4ndische \u00fcbergibt Wohnungen in Hard"},"content":{"rendered":"\n<p>Es entstanden 3 Vierzimmer- und 7 Dreizimmer-Wohnungen sowie 3 Zweizimmer-Wohnungen und ein gro\u00dfz\u00fcgiger Gemeinschaftraum, der von allen Bewohnern gen\u00fctzt werden kann. Der unterkellerte Bauk\u00f6rper mit Erdgescho\u00df und 3 Obergescho\u00dfen in Massivbauweise ist mit einem bekiesten Flachdach und Loggien bzw. Terrassen f\u00fcr jede Wohneinheit ausgestattet.<\/p>\n\n\n\n<p>Im Untergeschoss befinden sich die Tiefgarage, ein Trockenraum, die Kellerabteile und Technikr\u00e4ume, im Erdgeschoss der M\u00fcllraum und die Fahrradr\u00e4ume. Neben der hohen Qualit\u00e4t der Bebauung garantieren die Verwendung hochwertiger Materialen und optimale Wohnungsgrundrisse den Bewohnern ein H\u00f6chstma\u00df an Komfort, Ruhe und Individualit\u00e4t.<\/p>\n\n\n\n<p><strong>Effizientes Wohnen mit modernster Technik<\/strong><\/p>\n\n\n\n<p>F\u00fcr die Wohnanlage erstellte die Firma&nbsp;plankraft&nbsp;ein Energiekonzept, welches zu energetischen Einsparm\u00f6glichkeiten und einer wirtschaftlichen Betriebsweise f\u00fchrt. Zur Abdeckung des gesamten Heizw\u00e4rme-, Warmwasserw\u00e4rme- und L\u00fcftungsw\u00e4rmebedarfs erh\u00e4lt das Geb\u00e4ude eine zentrale W\u00e4rmebreitstellung \u00fcber eine Sole\/Wasser W\u00e4rmepumpe. Als Energiequelle dient Erdw\u00e4rme (Energiesonden). Der durch die PV-Anlage generierte Strom kommt der zentralen W\u00e4rmepumpe als Eigenstrom zugute.<\/p>\n\n\n\n<p>Der Heizw\u00e4rmebedarf des Geb\u00e4udes betr\u00e4gt 26 kWh\/m\u00b2a, was einem Gesamtenergieeffizienz-Faktor der Effizienzklasse A+ entspricht.<\/p>\n\n\n\n<p>Im Namen der Gemeinde, der Alpenl\u00e4ndischen und der ausf\u00fchrenden Partnerfirmen w\u00fcnschen wir den Bewohner:innen viel Freude.<\/p>\n","protected":false},"excerpt":{"rendered":"<p>Nach Fertigstellung der neuen attraktiven Wohnanlage in Massivbauweise, erfolgte am 19.09.2023 die feierliche \u00dcbergabe der 13 Mietwohnungen vor Ort in Hard. Die sch\u00f6n gelegene Wohnanlage ist mit 14 Tiefgaragenabstellpl\u00e4tzen und 4 Besucherabstellpl\u00e4tzen im Freien sowie Kellerabteilen, einem Gemeinschaftsraum, diversen Nebenr\u00e4umen und einem Kinderspielplatz ausgestattet. <\/p>\n","protected":false},"author":8,"featured_media":9413,"comment_status":"closed","ping_status":"closed","sticky":false,"template":"","format":"standard","meta":{"_acf_changed":false,"footnotes":""},"categories":[1],"tags":[],"class_list":["post-9477","post","type-post","status-publish","format-standard","has-post-thumbnail","hentry","category-allgemein","projektereignis-schluesseluebergabe"],"acf":[],"_links":{"self":[{"href":"https:\/\/alpenlaendische.at\/vorarlberg\/wp-json\/wp\/v2\/posts\/9477","targetHints":{"allow":["GET"]}}],"collection":[{"href":"https:\/\/alpenlaendische.at\/vorarlberg\/wp-json\/wp\/v2\/posts"}],"about":[{"href":"https:\/\/alpenlaendische.at\/vorarlberg\/wp-json\/wp\/v2\/types\/post"}],"author":[{"embeddable":true,"href":"https:\/\/alpenlaendische.at\/vorarlberg\/wp-json\/wp\/v2\/users\/8"}],"replies":[{"embeddable":true,"href":"https:\/\/alpenlaendische.at\/vorarlberg\/wp-json\/wp\/v2\/comments?post=9477"}],"version-history":[{"count":4,"href":"https:\/\/alpenlaendische.at\/vorarlberg\/wp-json\/wp\/v2\/posts\/9477\/revisions"}],"predecessor-version":[{"id":9481,"href":"https:\/\/alpenlaendische.at\/vorarlberg\/wp-json\/wp\/v2\/posts\/9477\/revisions\/9481"}],"wp:featuredmedia":[{"embeddable":true,"href":"https:\/\/alpenlaendische.at\/vorarlberg\/wp-json\/wp\/v2\/media\/9413"}],"wp:attachment":[{"href":"https:\/\/alpenlaendische.at\/vorarlberg\/wp-json\/wp\/v2\/media?parent=9477"}],"wp:term":[{"taxonomy":"category","embeddable":true,"href":"https:\/\/alpenlaendische.at\/vorarlberg\/wp-json\/wp\/v2\/categories?post=9477"},{"taxonomy":"post_tag","embeddable":true,"href":"https:\/\/alpenlaendische.at\/vorarlberg\/wp-json\/wp\/v2\/tags?post=9477"}],"curies":[{"name":"wp","href":"https:\/\/api.w.org\/{rel}","templated":true}]}}