{"id":9502,"date":"2023-11-09T11:44:27","date_gmt":"2023-11-09T10:44:27","guid":{"rendered":"https:\/\/alpenlaendische.at\/vorarlberg\/?p=9502"},"modified":"2023-11-09T11:44:27","modified_gmt":"2023-11-09T10:44:27","slug":"firstfeier-fuer-die-wohnanlage-in-gisingen","status":"publish","type":"post","link":"https:\/\/alpenlaendische.at\/vorarlberg\/firstfeier-fuer-die-wohnanlage-in-gisingen\/","title":{"rendered":"Firstfeier f\u00fcr die Wohnanlage in Gisingen"},"content":{"rendered":"\n<p>Es entstehen 4 freundlich und funktional gestaltete Zweizimmer-Wohnungen, 5 Dreizimmer-Wohnungen und 2 Vierzimmer-Wohnungen in einem eleganten Bauk\u00f6rper mit Holzfassade. Das Untergescho\u00df und das Stiegenhaus sind als Massivbau konzipiert, w\u00e4hrend ab dem Erdgescho\u00df ein Holzbau zur Ausf\u00fchrung kommen wird. Alle Wohnungen verf\u00fcgen \u00fcber sch\u00f6ne Balkone, ein Kellerabteil und einen Tiefgaragenplatz. Auch ein Kinderspielplatz und Fahrradabstellpl\u00e4tze sind f\u00fcr die zuk\u00fcnftigen Mieter vorgesehen.<\/p>\n\n\n\n<p>Als Besonderheit gibt es einen Gemeinschaftsraum mit integrierter K\u00fcche als Treffpunkt f\u00fcr die gesamte Hausgemeinschaft.<\/p>\n\n\n\n<p>Die effiziente Haustechnik sieht eine Sole\/Wasser-W\u00e4rmepumpenanlage samt Komfortl\u00fcftung sowie ein Photovoltaikanlage vor, wobei die W\u00e4rme \u00fcber eine Fu\u00dfbodenheizung verteilt wird. Der Heizw\u00e4rmebedarf des Geb\u00e4udes liegt bei 28 kWh\/m\u00b2a. Als Energiequelle dient Erdw\u00e4rme (Energiesonden). Der durch die PV-Anlage generierte Strom kommt als Eigenstrom der zentralen W\u00e4rmepumpe zugute.<\/p>\n\n\n\n<p><strong>Vielversprechender Baufortschritt<\/strong><\/p>\n\n\n\n<p>B\u00fcrgermeister Wolfgang Matt freut sich \u00fcber den Baufortschritt: \u201eDas Projekt nimmt z\u00fcgig Form an und l\u00e4sst bereits erkennen, wie sch\u00f6n der neue, gef\u00f6rderte Wohnraum f\u00fcr die k\u00fcnftigen Bewohner:innen werden wird.\u201c<\/p>\n","protected":false},"excerpt":{"rendered":"<p>Am 28. September 2023 konnte die Firstfeier f\u00fcr die neue Wohnanlage in Feldkirch mit 11 gef\u00f6rderten Mietwohnungen und 11 Tiefgaragenpl\u00e4tzen sowie 4 Besucherparkpl\u00e4tzen im Freien auf einem sch\u00f6nen Grundst\u00fcck in Gisingen feierlich begangen werden. Die Fertigstellung des attraktiven Projektes in Holzbauweise ist f\u00fcr Sommer 2024 geplant.<\/p>\n","protected":false},"author":8,"featured_media":9503,"comment_status":"closed","ping_status":"closed","sticky":false,"template":"","format":"standard","meta":{"_acf_changed":false,"footnotes":""},"categories":[1],"tags":[],"class_list":["post-9502","post","type-post","status-publish","format-standard","has-post-thumbnail","hentry","category-allgemein","projektereignis-firstfeier"],"acf":[],"_links":{"self":[{"href":"https:\/\/alpenlaendische.at\/vorarlberg\/wp-json\/wp\/v2\/posts\/9502","targetHints":{"allow":["GET"]}}],"collection":[{"href":"https:\/\/alpenlaendische.at\/vorarlberg\/wp-json\/wp\/v2\/posts"}],"about":[{"href":"https:\/\/alpenlaendische.at\/vorarlberg\/wp-json\/wp\/v2\/types\/post"}],"author":[{"embeddable":true,"href":"https:\/\/alpenlaendische.at\/vorarlberg\/wp-json\/wp\/v2\/users\/8"}],"replies":[{"embeddable":true,"href":"https:\/\/alpenlaendische.at\/vorarlberg\/wp-json\/wp\/v2\/comments?post=9502"}],"version-history":[{"count":4,"href":"https:\/\/alpenlaendische.at\/vorarlberg\/wp-json\/wp\/v2\/posts\/9502\/revisions"}],"predecessor-version":[{"id":9513,"href":"https:\/\/alpenlaendische.at\/vorarlberg\/wp-json\/wp\/v2\/posts\/9502\/revisions\/9513"}],"wp:featuredmedia":[{"embeddable":true,"href":"https:\/\/alpenlaendische.at\/vorarlberg\/wp-json\/wp\/v2\/media\/9503"}],"wp:attachment":[{"href":"https:\/\/alpenlaendische.at\/vorarlberg\/wp-json\/wp\/v2\/media?parent=9502"}],"wp:term":[{"taxonomy":"category","embeddable":true,"href":"https:\/\/alpenlaendische.at\/vorarlberg\/wp-json\/wp\/v2\/categories?post=9502"},{"taxonomy":"post_tag","embeddable":true,"href":"https:\/\/alpenlaendische.at\/vorarlberg\/wp-json\/wp\/v2\/tags?post=9502"}],"curies":[{"name":"wp","href":"https:\/\/api.w.org\/{rel}","templated":true}]}}