{"id":9534,"date":"2023-11-24T09:21:50","date_gmt":"2023-11-24T08:21:50","guid":{"rendered":"https:\/\/alpenlaendische.at\/vorarlberg\/?p=9534"},"modified":"2024-01-31T15:26:30","modified_gmt":"2024-01-31T14:26:30","slug":"alpenlaendische-uebergibt-wohnungen-in-levis","status":"publish","type":"post","link":"https:\/\/alpenlaendische.at\/vorarlberg\/alpenlaendische-uebergibt-wohnungen-in-levis\/","title":{"rendered":"Alpenl\u00e4ndische \u00fcbergibt Wohnungen in Levis"},"content":{"rendered":"\n<p>Es entstanden 4 Vierzimmer- und 4 Dreizimmer-Wohnungen sowie 8 Zweizimmer-Wohnungen in einem eleganten Bauk\u00f6rper mit Erdgescho\u00df und 3 Obergescho\u00dfen in Massivbauweise mit Flachdach. Alle Wohnungen sind mit sch\u00f6nen Loggien bzw. Terrassen ausgestattet.&nbsp;Im Untergeschoss&nbsp;befinden sich&nbsp;die Tiefgarage,&nbsp;ein&nbsp;Trockenraum,&nbsp;die&nbsp;Kellerabteile und Technikr\u00e4ume, im Erdgeschoss&nbsp;der M\u00fcllraum und&nbsp;die Fahrradr\u00e4ume. Neben der hohen Qualit\u00e4t der Bebauung garantieren die Verwendung hochwertiger Materialen und optimale Wohnungsgrundrisse den Bewohnern ein H\u00f6chstma\u00df an Komfort, Ruhe und Individualit\u00e4t.<\/p>\n\n\n\n<p><strong>Viel Wohnkomfort bei wenig Verbrauch<\/strong><\/p>\n\n\n\n<p>Die W\u00e4rmeerzeugung erfolgt \u00fcber eine Grundwasser W\u00e4rmepumpe und eine PV-Anlage. Die Heizungsanlage ist witterungsgef\u00fchrt und passt sich entsprechend der herrschenden Au\u00dfentemperatur an. Eine PV-Anlage, die auf dem Dach montiert wurde, dient zur Versorgung der Wohnanlage mit Strom. \u00dcbersch\u00fcssiger Strom wird in das Ortsnetz eingespeist. Die Energiekennzahl betr\u00e4gt 29kWh\/m\u00b2a.<\/p>\n\n\n<div class=\"wp-block-image is-style-rounded\">\n<figure class=\"alignright size-large is-resized\"><img loading=\"lazy\" decoding=\"async\" width=\"1024\" height=\"1024\" src=\"https:\/\/alpenlaendische.at\/vorarlberg\/wp-content\/uploads\/sites\/15\/V200-Levis-BGM-1-e1700813914940-1024x1024.jpg\" alt=\"\" class=\"wp-image-9529\" style=\"object-fit:cover;width:178px;height:178px\" srcset=\"https:\/\/alpenlaendische.at\/vorarlberg\/wp-content\/uploads\/sites\/15\/V200-Levis-BGM-1-e1700813914940-1024x1024.jpg 1024w, https:\/\/alpenlaendische.at\/vorarlberg\/wp-content\/uploads\/sites\/15\/V200-Levis-BGM-1-e1700813914940-300x300.jpg 300w, https:\/\/alpenlaendische.at\/vorarlberg\/wp-content\/uploads\/sites\/15\/V200-Levis-BGM-1-e1700813914940-150x150.jpg 150w, https:\/\/alpenlaendische.at\/vorarlberg\/wp-content\/uploads\/sites\/15\/V200-Levis-BGM-1-e1700813914940-768x768.jpg 768w, https:\/\/alpenlaendische.at\/vorarlberg\/wp-content\/uploads\/sites\/15\/V200-Levis-BGM-1-e1700813914940.jpg 1333w\" sizes=\"auto, (max-width: 1024px) 100vw, 1024px\" \/><figcaption class=\"wp-element-caption\"><strong>Wolfgang Matt <\/strong><br>B\u00fcrgermeister<\/figcaption><\/figure>\n<\/div>\n\n\n<p>B\u00fcrgermeister Wolfgang Matt: \u201eIch freue mich im Namen der gesamten&nbsp;Stadt Feldkirch&nbsp;sehr dar\u00fcber, heute ein so vorbildlich energieeffizientes Projekt an die neuen Mieter \u00fcbergeben zu k\u00f6nnen und danke s\u00e4mtlichen Projektpartnern f\u00fcr die gro\u00dfartige Zusammenarbeit.\u201c<\/p>\n","protected":false},"excerpt":{"rendered":"<p>Nach Fertigstellung der neuen attraktiven Wohnanlage in Massivbauweise, erfolgte am 14.11.2023 die feierliche \u00dcbergabe der 16 Mietwohnungen im Rathaussaal von Feldkirch. Die sch\u00f6n im Gr\u00fcnen gelegene Wohnanlage in einem Bauk\u00f6rper ist mit 16 Tiefgaragenabstellpl\u00e4tzen und 3 Besucherabstellpl\u00e4tzen im Freien sowie Kellerabteilen, diversen Nebenr\u00e4umen und einem Kinderspielplatz ausgestattet. <\/p>\n","protected":false},"author":8,"featured_media":9530,"comment_status":"closed","ping_status":"closed","sticky":false,"template":"","format":"standard","meta":{"_acf_changed":false,"footnotes":""},"categories":[1],"tags":[],"class_list":["post-9534","post","type-post","status-publish","format-standard","has-post-thumbnail","hentry","category-allgemein","projektereignis-schluesseluebergabe"],"acf":[],"_links":{"self":[{"href":"https:\/\/alpenlaendische.at\/vorarlberg\/wp-json\/wp\/v2\/posts\/9534","targetHints":{"allow":["GET"]}}],"collection":[{"href":"https:\/\/alpenlaendische.at\/vorarlberg\/wp-json\/wp\/v2\/posts"}],"about":[{"href":"https:\/\/alpenlaendische.at\/vorarlberg\/wp-json\/wp\/v2\/types\/post"}],"author":[{"embeddable":true,"href":"https:\/\/alpenlaendische.at\/vorarlberg\/wp-json\/wp\/v2\/users\/8"}],"replies":[{"embeddable":true,"href":"https:\/\/alpenlaendische.at\/vorarlberg\/wp-json\/wp\/v2\/comments?post=9534"}],"version-history":[{"count":4,"href":"https:\/\/alpenlaendische.at\/vorarlberg\/wp-json\/wp\/v2\/posts\/9534\/revisions"}],"predecessor-version":[{"id":9543,"href":"https:\/\/alpenlaendische.at\/vorarlberg\/wp-json\/wp\/v2\/posts\/9534\/revisions\/9543"}],"wp:featuredmedia":[{"embeddable":true,"href":"https:\/\/alpenlaendische.at\/vorarlberg\/wp-json\/wp\/v2\/media\/9530"}],"wp:attachment":[{"href":"https:\/\/alpenlaendische.at\/vorarlberg\/wp-json\/wp\/v2\/media?parent=9534"}],"wp:term":[{"taxonomy":"category","embeddable":true,"href":"https:\/\/alpenlaendische.at\/vorarlberg\/wp-json\/wp\/v2\/categories?post=9534"},{"taxonomy":"post_tag","embeddable":true,"href":"https:\/\/alpenlaendische.at\/vorarlberg\/wp-json\/wp\/v2\/tags?post=9534"}],"curies":[{"name":"wp","href":"https:\/\/api.w.org\/{rel}","templated":true}]}}