{"id":9668,"date":"2021-03-23T14:24:00","date_gmt":"2021-03-23T13:24:00","guid":{"rendered":"https:\/\/alpenlaendische.at\/vorarlberg\/?p=9668"},"modified":"2024-01-18T14:28:11","modified_gmt":"2024-01-18T13:28:11","slug":"alpenlaendische-uebergibt-wohnungen-im-fraxern","status":"publish","type":"post","link":"https:\/\/alpenlaendische.at\/vorarlberg\/alpenlaendische-uebergibt-wohnungen-im-fraxern\/","title":{"rendered":"Alpenl\u00e4ndische \u00fcbergibt Wohnungen im Fraxern"},"content":{"rendered":"\n<p>Die Errichtung der Wohnanlage FRAXERN V 187 entspringt dem Wunsch der Gemeinde Fraxern, wobei auf kleinteilige Geb\u00e4ude, Satteldachausf\u00fchrungen und Holzfassaden geachtet, zudem ein Wohnungsmix mit einem hohen Anteil an 4-Zimmerwohnungen, sowie eine hohe Anzahl an PKW-Einstellpl\u00e4tzen und PKW-Stellfl\u00e4chen im Freien ber\u00fccksichtigt werden sollten.<\/p>\n\n\n\n<p>Dem Planerteam von drexel architekten ZT OG ist es gelungen die W\u00fcnsche der Gemeinde Fraxern umzusetzen.<strong>&nbsp;Eine tolle Wohnanlage ist es gworden!<\/strong><\/p>\n\n\n\n<p>Die&nbsp;<strong>feierliche Schl\u00fcssel\u00fcbergabe fand am 23.03.2021<\/strong>&nbsp;Uhr im Au\u00dfenbereich der Gemeinde Fraxern statt. Herr B\u00fcrgermeister Steve Mayr und Gesch\u00e4ftsstellenleiterin Frau Prok. Alexandra Schalegg (Alpenl\u00e4ndische) \u00fcbergaben die Schl\u00fcssel an die neuen Bewohner.<\/p>\n\n\n\n<p><strong>Wir w\u00fcnschen viel Freude im neuen Heim!<\/strong><\/p>\n\n\n\n<p><\/p>\n","protected":false},"excerpt":{"rendered":"<p>Viel Neues bringt der Fr\u00fchling. In Fraxern konnten 20 Mietwohnungen mit Kaufoption an die neuen Bewohner \u00fcbergeben werden.<\/p>\n","protected":false},"author":8,"featured_media":9615,"comment_status":"closed","ping_status":"closed","sticky":false,"template":"","format":"standard","meta":{"_acf_changed":false,"footnotes":""},"categories":[1],"tags":[],"class_list":["post-9668","post","type-post","status-publish","format-standard","has-post-thumbnail","hentry","category-allgemein","projektereignis-schluesseluebergabe"],"acf":[],"_links":{"self":[{"href":"https:\/\/alpenlaendische.at\/vorarlberg\/wp-json\/wp\/v2\/posts\/9668","targetHints":{"allow":["GET"]}}],"collection":[{"href":"https:\/\/alpenlaendische.at\/vorarlberg\/wp-json\/wp\/v2\/posts"}],"about":[{"href":"https:\/\/alpenlaendische.at\/vorarlberg\/wp-json\/wp\/v2\/types\/post"}],"author":[{"embeddable":true,"href":"https:\/\/alpenlaendische.at\/vorarlberg\/wp-json\/wp\/v2\/users\/8"}],"replies":[{"embeddable":true,"href":"https:\/\/alpenlaendische.at\/vorarlberg\/wp-json\/wp\/v2\/comments?post=9668"}],"version-history":[{"count":4,"href":"https:\/\/alpenlaendische.at\/vorarlberg\/wp-json\/wp\/v2\/posts\/9668\/revisions"}],"predecessor-version":[{"id":9672,"href":"https:\/\/alpenlaendische.at\/vorarlberg\/wp-json\/wp\/v2\/posts\/9668\/revisions\/9672"}],"wp:featuredmedia":[{"embeddable":true,"href":"https:\/\/alpenlaendische.at\/vorarlberg\/wp-json\/wp\/v2\/media\/9615"}],"wp:attachment":[{"href":"https:\/\/alpenlaendische.at\/vorarlberg\/wp-json\/wp\/v2\/media?parent=9668"}],"wp:term":[{"taxonomy":"category","embeddable":true,"href":"https:\/\/alpenlaendische.at\/vorarlberg\/wp-json\/wp\/v2\/categories?post=9668"},{"taxonomy":"post_tag","embeddable":true,"href":"https:\/\/alpenlaendische.at\/vorarlberg\/wp-json\/wp\/v2\/tags?post=9668"}],"curies":[{"name":"wp","href":"https:\/\/api.w.org\/{rel}","templated":true}]}}