{"id":9814,"date":"2024-02-01T10:51:36","date_gmt":"2024-02-01T09:51:36","guid":{"rendered":"https:\/\/alpenlaendische.at\/vorarlberg\/?p=9814"},"modified":"2024-02-01T10:51:36","modified_gmt":"2024-02-01T09:51:36","slug":"geschaeftsflaeche-in-lustenau-zu-vermieten","status":"publish","type":"post","link":"https:\/\/alpenlaendische.at\/vorarlberg\/geschaeftsflaeche-in-lustenau-zu-vermieten\/","title":{"rendered":"Gesch\u00e4ftsfl\u00e4che in Lustenau zu vermieten"},"content":{"rendered":"\n<p>Die Nutzfl\u00e4che betr\u00e4gt ca. 175 m\u00b2 und es stehe 5 kostenfreie Parkpl\u00e4tze im Freien mit einer Ben\u00fctzungsregelung von Montag bis Freitag zur Verf\u00fcgung. Nach Bedarf besteht die M\u00f6glichkeit, zus\u00e4tzlich zwei weitere Tiefgaragenpl\u00e4tze anzumieten. <\/p>\n\n\n\n<p>Die Gesch\u00e4ftsfl\u00e4che wird ausschlie\u00dflich an solche Unternehmen vermietet, die einen Tagesbetrieb garantieren. Abend- und Nachtbetrieb im Gesch\u00e4ftslokal ist generell untersagt. Nicht vermietet wird die R\u00e4umlichkeit an Wettb\u00fcros, Spielcasinos und dergleichen.<\/p>\n\n\n\n<p>Die monatliche Bruttomiete inklusive Betriebskosten\/Heizkosten (Abrechnung nach Verbrauch) betr\u00e4gt voraussichtlich ca. \u20ac 3.637,-<\/p>\n\n\n\n<p>Kaution ca. \u20ac 10.900,-<\/p>\n\n\n\n<p>Vertragsgeb\u00fchr ca. \u20ac 1.309,68<\/p>\n\n\n<div class=\"wp-block-image\">\n<figure class=\"alignleft size-full is-resized\"><img decoding=\"async\" src=\"https:\/\/alpenlaendische.at\/vorarlberg\/wp-content\/uploads\/sites\/15\/icon-hausverwaltung.svg\" alt=\"\" class=\"wp-image-439\" style=\"width:113px;height:auto\" \/><\/figure>\n<\/div>\n\n\n<p><strong>Ansprechpartner<\/strong>:<br>Sandra Kuravica<br>sandra.kuravica@alpenlaendische.at<br>+43 5522 75981 -612<\/p>\n","protected":false},"excerpt":{"rendered":"<p>Es steht eine gro\u00dfz\u00fcgige und moderne Gesch\u00e4ftsfl\u00e4che mit barrierefreiem Zugang im Erdgescho\u00df mit Schaufensterfl\u00e4che f\u00fcr die Vermietung zur Verf\u00fcgung.<\/p>\n","protected":false},"author":8,"featured_media":9455,"comment_status":"closed","ping_status":"closed","sticky":false,"template":"","format":"standard","meta":{"_acf_changed":false,"footnotes":""},"categories":[1],"tags":[],"class_list":["post-9814","post","type-post","status-publish","format-standard","has-post-thumbnail","hentry","category-allgemein","projektereignis-baustellenbesichtigung"],"acf":[],"_links":{"self":[{"href":"https:\/\/alpenlaendische.at\/vorarlberg\/wp-json\/wp\/v2\/posts\/9814","targetHints":{"allow":["GET"]}}],"collection":[{"href":"https:\/\/alpenlaendische.at\/vorarlberg\/wp-json\/wp\/v2\/posts"}],"about":[{"href":"https:\/\/alpenlaendische.at\/vorarlberg\/wp-json\/wp\/v2\/types\/post"}],"author":[{"embeddable":true,"href":"https:\/\/alpenlaendische.at\/vorarlberg\/wp-json\/wp\/v2\/users\/8"}],"replies":[{"embeddable":true,"href":"https:\/\/alpenlaendische.at\/vorarlberg\/wp-json\/wp\/v2\/comments?post=9814"}],"version-history":[{"count":4,"href":"https:\/\/alpenlaendische.at\/vorarlberg\/wp-json\/wp\/v2\/posts\/9814\/revisions"}],"predecessor-version":[{"id":9873,"href":"https:\/\/alpenlaendische.at\/vorarlberg\/wp-json\/wp\/v2\/posts\/9814\/revisions\/9873"}],"wp:featuredmedia":[{"embeddable":true,"href":"https:\/\/alpenlaendische.at\/vorarlberg\/wp-json\/wp\/v2\/media\/9455"}],"wp:attachment":[{"href":"https:\/\/alpenlaendische.at\/vorarlberg\/wp-json\/wp\/v2\/media?parent=9814"}],"wp:term":[{"taxonomy":"category","embeddable":true,"href":"https:\/\/alpenlaendische.at\/vorarlberg\/wp-json\/wp\/v2\/categories?post=9814"},{"taxonomy":"post_tag","embeddable":true,"href":"https:\/\/alpenlaendische.at\/vorarlberg\/wp-json\/wp\/v2\/tags?post=9814"}],"curies":[{"name":"wp","href":"https:\/\/api.w.org\/{rel}","templated":true}]}}