{"id":9816,"date":"2024-01-31T15:26:00","date_gmt":"2024-01-31T14:26:00","guid":{"rendered":"https:\/\/alpenlaendische.at\/vorarlberg\/?p=9816"},"modified":"2024-01-31T15:28:03","modified_gmt":"2024-01-31T14:28:03","slug":"geschaeftsflaeche-in-goetzis-zu-vermieten","status":"publish","type":"post","link":"https:\/\/alpenlaendische.at\/vorarlberg\/geschaeftsflaeche-in-goetzis-zu-vermieten\/","title":{"rendered":"Gesch\u00e4ftsfl\u00e4che in G\u00f6tzis zu vermieten"},"content":{"rendered":"\n<p>Die Nutzfl\u00e4che betr\u00e4gt ca. 115,80 m\u00b2 und befindet sich im Erdgescho\u00df. Parkm\u00f6glichkeiten bestehen auf den anliegenden Bewohner- bzw. Besucherparkpl\u00e4tzen.<\/p>\n\n\n\n<p>Die Gesch\u00e4ftsfl\u00e4che wird ausschlie\u00dflich an solche Unternehmen vermietet, die einen Tagesbetrieb garantieren. Abend- und Nachtbetrieb im Gesch\u00e4ftslokal ist generell untersagt. Nicht vermietet wird die R\u00e4umlichkeit an Wettb\u00fcros, Spielcasinos und dergleichen.<\/p>\n\n\n\n<p>Die monatliche Bruttomiete inklusive Betriebskosten\/Heizkosten (Abrechnung nach Verbrauch) betr\u00e4gt voraussichtlich ca. \u20ac 1.420,-<\/p>\n\n\n\n<p>Kaution 3 Bruttomonatsmieten \u20ac 4.250,-<\/p>\n\n\n\n<p>Gerne k\u00f6nnen Sie uns kontaktieren, wenn Sie Interesse an weiteren Informationen\/Unterlagen haben.<\/p>\n\n\n<div class=\"wp-block-image\">\n<figure class=\"alignleft size-full is-resized\"><img decoding=\"async\" src=\"https:\/\/alpenlaendische.at\/vorarlberg\/wp-content\/uploads\/sites\/15\/icon-hausverwaltung.svg\" alt=\"\" class=\"wp-image-439\" style=\"width:113px;height:auto\" \/><\/figure>\n<\/div>\n\n\n<p><strong>Ansprechpartner<\/strong>:<br>Sandra Kuravica<br>sandra.kuravica@alpenlaendische.at<br>+43 5522 75981 -612<\/p>\n","protected":false},"excerpt":{"rendered":"<p>Es steht eine gut zug\u00e4ngliche  Gesch\u00e4ftsfl\u00e4che im Erdgescho\u00df mit Schaufensterfl\u00e4che f\u00fcr die Vermietung zur Verf\u00fcgung.<\/p>\n","protected":false},"author":8,"featured_media":9826,"comment_status":"closed","ping_status":"closed","sticky":false,"template":"","format":"standard","meta":{"_acf_changed":false,"footnotes":""},"categories":[1],"tags":[],"class_list":["post-9816","post","type-post","status-publish","format-standard","has-post-thumbnail","hentry","category-allgemein"],"acf":[],"_links":{"self":[{"href":"https:\/\/alpenlaendische.at\/vorarlberg\/wp-json\/wp\/v2\/posts\/9816","targetHints":{"allow":["GET"]}}],"collection":[{"href":"https:\/\/alpenlaendische.at\/vorarlberg\/wp-json\/wp\/v2\/posts"}],"about":[{"href":"https:\/\/alpenlaendische.at\/vorarlberg\/wp-json\/wp\/v2\/types\/post"}],"author":[{"embeddable":true,"href":"https:\/\/alpenlaendische.at\/vorarlberg\/wp-json\/wp\/v2\/users\/8"}],"replies":[{"embeddable":true,"href":"https:\/\/alpenlaendische.at\/vorarlberg\/wp-json\/wp\/v2\/comments?post=9816"}],"version-history":[{"count":4,"href":"https:\/\/alpenlaendische.at\/vorarlberg\/wp-json\/wp\/v2\/posts\/9816\/revisions"}],"predecessor-version":[{"id":9849,"href":"https:\/\/alpenlaendische.at\/vorarlberg\/wp-json\/wp\/v2\/posts\/9816\/revisions\/9849"}],"wp:featuredmedia":[{"embeddable":true,"href":"https:\/\/alpenlaendische.at\/vorarlberg\/wp-json\/wp\/v2\/media\/9826"}],"wp:attachment":[{"href":"https:\/\/alpenlaendische.at\/vorarlberg\/wp-json\/wp\/v2\/media?parent=9816"}],"wp:term":[{"taxonomy":"category","embeddable":true,"href":"https:\/\/alpenlaendische.at\/vorarlberg\/wp-json\/wp\/v2\/categories?post=9816"},{"taxonomy":"post_tag","embeddable":true,"href":"https:\/\/alpenlaendische.at\/vorarlberg\/wp-json\/wp\/v2\/tags?post=9816"}],"curies":[{"name":"wp","href":"https:\/\/api.w.org\/{rel}","templated":true}]}}