{"id":9994,"date":"2024-03-11T14:02:47","date_gmt":"2024-03-11T13:02:47","guid":{"rendered":"https:\/\/alpenlaendische.at\/vorarlberg\/?p=9994"},"modified":"2024-03-22T11:42:28","modified_gmt":"2024-03-22T10:42:28","slug":"ludesch-freut-sich-auf-eine-neue-wohnanlage","status":"publish","type":"post","link":"https:\/\/alpenlaendische.at\/vorarlberg\/ludesch-freut-sich-auf-eine-neue-wohnanlage\/","title":{"rendered":"Ludesch freut sich auf eine neue Wohnanlage"},"content":{"rendered":"\n<p>Es entstehen 2 freundlich und funktional gestaltete Zweizimmer-Mietwohnungen, 4 Dreizimmer-Wohnungen und 2 Vierzimmer-Wohnungen in einem schlichten Bauk\u00f6rper. Alle Wohnungen verf\u00fcgen \u00fcber sch\u00f6ne Balkone, ein Kellerabteil und einen Stellplatz. Auch attraktiv gestaltete allgemeine Gr\u00fcnfl\u00e4chen, ein Kinderspielplatz und Fahrradabstellpl\u00e4tze sind f\u00fcr die zuk\u00fcnftigen Mieter vorgesehen.&nbsp;<\/p>\n\n\n\n<p>Die effiziente Haustechnik mit kontrollierter Wohnrauml\u00fcftung sieht eine Energieversorgung \u00fcber das Fernw\u00e4rmenetz der Gemeinde Ludesch und eine Photovoltaikanlage vor. Der Heizw\u00e4rmebedarf des Geb\u00e4udes wird bei ca. 28 kWh\/m\u00b2a liegen.&nbsp;<\/p>\n","protected":false},"excerpt":{"rendered":"<p>Am Mittwoch, den 6. M\u00e4rz 2024, erfolgte der feierliche Spatenstich f\u00fcr eine kleine neue Wohnanlage in einem Bauk\u00f6rper mit 8 Mietwohnungen, 6 \u00fcberdachten Stellpl\u00e4tzen und 4 Besucherparkpl\u00e4tzen im Freien auf einem sch\u00f6nen Grundst\u00fcck in Ludesch bei Bludenz. Das unterkellerte Geb\u00e4ude wird in Massivbauweise ausgef\u00fchrt, die Fertigstellung des Projektes ist f\u00fcr Sommer 2025 geplant.<\/p>\n","protected":false},"author":8,"featured_media":9965,"comment_status":"closed","ping_status":"closed","sticky":false,"template":"","format":"standard","meta":{"_acf_changed":false,"footnotes":""},"categories":[1],"tags":[],"class_list":["post-9994","post","type-post","status-publish","format-standard","has-post-thumbnail","hentry","category-allgemein","projektereignis-spatenstich"],"acf":[],"_links":{"self":[{"href":"https:\/\/alpenlaendische.at\/vorarlberg\/wp-json\/wp\/v2\/posts\/9994","targetHints":{"allow":["GET"]}}],"collection":[{"href":"https:\/\/alpenlaendische.at\/vorarlberg\/wp-json\/wp\/v2\/posts"}],"about":[{"href":"https:\/\/alpenlaendische.at\/vorarlberg\/wp-json\/wp\/v2\/types\/post"}],"author":[{"embeddable":true,"href":"https:\/\/alpenlaendische.at\/vorarlberg\/wp-json\/wp\/v2\/users\/8"}],"replies":[{"embeddable":true,"href":"https:\/\/alpenlaendische.at\/vorarlberg\/wp-json\/wp\/v2\/comments?post=9994"}],"version-history":[{"count":4,"href":"https:\/\/alpenlaendische.at\/vorarlberg\/wp-json\/wp\/v2\/posts\/9994\/revisions"}],"predecessor-version":[{"id":10045,"href":"https:\/\/alpenlaendische.at\/vorarlberg\/wp-json\/wp\/v2\/posts\/9994\/revisions\/10045"}],"wp:featuredmedia":[{"embeddable":true,"href":"https:\/\/alpenlaendische.at\/vorarlberg\/wp-json\/wp\/v2\/media\/9965"}],"wp:attachment":[{"href":"https:\/\/alpenlaendische.at\/vorarlberg\/wp-json\/wp\/v2\/media?parent=9994"}],"wp:term":[{"taxonomy":"category","embeddable":true,"href":"https:\/\/alpenlaendische.at\/vorarlberg\/wp-json\/wp\/v2\/categories?post=9994"},{"taxonomy":"post_tag","embeddable":true,"href":"https:\/\/alpenlaendische.at\/vorarlberg\/wp-json\/wp\/v2\/tags?post=9994"}],"curies":[{"name":"wp","href":"https:\/\/api.w.org\/{rel}","templated":true}]}}